{"id":3734,"date":"2022-12-07T18:41:19","date_gmt":"2022-12-07T18:41:19","guid":{"rendered":"https:\/\/www.linsem.cl\/?p=3734"},"modified":"2022-12-07T18:41:20","modified_gmt":"2022-12-07T18:41:20","slug":"virgen-peregrina","status":"publish","type":"post","link":"http:\/\/www.linsem.cl\/?p=3734","title":{"rendered":"Virgen Peregrina."},"content":{"rendered":"<p>Con gran alegr\u00eda la comunidad del Liceo Bicentenario Polivalente Nuestra Se\u00f1ora de la Merced recibi\u00f3 a la Virgen Peregrina, con cuyo recorrido fue acompa\u00f1ada por alumnos de cuarto medio y estudiantes representantes de cada curso.<\/p>\n<p>Este peregrinaje, que pasar\u00e1 por los colegios catolicos de la comuna de San Carlosl, es un encuentro de esperanza, acogida y amor, representada en la figura de la Virgen.<br \/>\n<a data-flickr-embed=\"true\" data-header=\"true\" data-footer=\"true\" href=\"https:\/\/www.flickr.com\/photos\/liceonuestraseoradelamerced\/albums\/72177720304252646\" title=\"Linsem2022-Virgen Peregrina.\"><img loading=\"lazy\" src=\"https:\/\/live.staticflickr.com\/65535\/52547573560_5406a28c65_n.jpg\" width=\"320\" height=\"240\" alt=\"Linsem2022-Virgen Peregrina.\"><\/a><script async=\"\" src=\"\/\/embedr.flickr.com\/assets\/client-code.js\" charset=\"utf-8\"><\/script><\/p>\n","protected":false},"excerpt":{"rendered":"<p>Con gran alegr\u00eda la comunidad del Liceo Bicentenario Polivalente Nuestra Se\u00f1ora de la Merced recibi\u00f3 a la Virgen Peregrina, con cuyo recorrido fue acompa\u00f1ada por alumnos de cuarto medio y estudiantes representantes de cada curso. Este peregrinaje, que pasar\u00e1 por los colegios catolicos de la comuna de San Carlosl, es un encuentro de esperanza, acogida<a href=\"http:\/\/www.linsem.cl\/?p=3734\">[&#8230;]<\/a><\/p>\n","protected":false},"author":2,"featured_media":3605,"comment_status":"closed","ping_status":"open","sticky":false,"template":"","format":"standard","meta":{"ngg_post_thumbnail":0},"categories":[4],"tags":[],"_links":{"self":[{"href":"http:\/\/www.linsem.cl\/index.php?rest_route=\/wp\/v2\/posts\/3734"}],"collection":[{"href":"http:\/\/www.linsem.cl\/index.php?rest_route=\/wp\/v2\/posts"}],"about":[{"href":"http:\/\/www.linsem.cl\/index.php?rest_route=\/wp\/v2\/types\/post"}],"author":[{"embeddable":true,"href":"http:\/\/www.linsem.cl\/index.php?rest_route=\/wp\/v2\/users\/2"}],"replies":[{"embeddable":true,"href":"http:\/\/www.linsem.cl\/index.php?rest_route=%2Fwp%2Fv2%2Fcomments&post=3734"}],"version-history":[{"count":1,"href":"http:\/\/www.linsem.cl\/index.php?rest_route=\/wp\/v2\/posts\/3734\/revisions"}],"predecessor-version":[{"id":3738,"href":"http:\/\/www.linsem.cl\/index.php?rest_route=\/wp\/v2\/posts\/3734\/revisions\/3738"}],"wp:featuredmedia":[{"embeddable":true,"href":"http:\/\/www.linsem.cl\/index.php?rest_route=\/wp\/v2\/media\/3605"}],"wp:attachment":[{"href":"http:\/\/www.linsem.cl\/index.php?rest_route=%2Fwp%2Fv2%2Fmedia&parent=3734"}],"wp:term":[{"taxonomy":"category","embeddable":true,"href":"http:\/\/www.linsem.cl\/index.php?rest_route=%2Fwp%2Fv2%2Fcategories&post=3734"},{"taxonomy":"post_tag","embeddable":true,"href":"http:\/\/www.linsem.cl\/index.php?rest_route=%2Fwp%2Fv2%2Ftags&post=3734"}],"curies":[{"name":"wp","href":"https:\/\/api.w.org\/{rel}","templated":true}]}}