{"id":3739,"date":"2022-12-07T18:45:43","date_gmt":"2022-12-07T18:45:43","guid":{"rendered":"https:\/\/www.linsem.cl\/?p=3739"},"modified":"2022-12-07T18:45:44","modified_gmt":"2022-12-07T18:45:44","slug":"inicio-mes-de-maria","status":"publish","type":"post","link":"http:\/\/www.linsem.cl\/?p=3739","title":{"rendered":"Inicio mes de Mar\u00eda."},"content":{"rendered":"<p>Como cada a\u00f1o desde el 8 de noviembre al 8 de diciembre, la iglesia Chilena nos pide que le dediquemos un mes a la Virgen Mar\u00eda en su honor, y para poner a sus pies todas las intenciones que como hijos e hijas de Mar\u00eda tenemos.<br \/>\nNuestra comunidad educativa como cada a\u00f1o le dedica este mes a ella y lo hacemos con gusto y amor. Es por eso que este a\u00f1o les invitamos a acompa\u00f1arnos en este mes de Mar\u00eda a trav\u00e9s de nuestros medios de comunicaci\u00f3n, y caminemos junto a ella, entregando todas nuestra intenciones y necesidades.<\/p>\n<p><a data-flickr-embed=\"true\" data-header=\"true\" data-footer=\"true\" href=\"https:\/\/www.flickr.com\/photos\/liceonuestraseoradelamerced\/albums\/72177720304262899\" title=\"Linsem2022-Inicio mes de Mar\u00eda.\"><img loading=\"lazy\" src=\"https:\/\/live.staticflickr.com\/65535\/52547689943_11a02b776c_n.jpg\" width=\"320\" height=\"240\" alt=\"Linsem2022-Inicio mes de Mar\u00eda.\"><\/a><script async=\"\" src=\"\/\/embedr.flickr.com\/assets\/client-code.js\" charset=\"utf-8\"><\/script><\/p>\n","protected":false},"excerpt":{"rendered":"<p>Como cada a\u00f1o desde el 8 de noviembre al 8 de diciembre, la iglesia Chilena nos pide que le dediquemos un mes a la Virgen Mar\u00eda en su honor, y para poner a sus pies todas las intenciones que como hijos e hijas de Mar\u00eda tenemos. Nuestra comunidad educativa como cada a\u00f1o le dedica este<a href=\"http:\/\/www.linsem.cl\/?p=3739\">[&#8230;]<\/a><\/p>\n","protected":false},"author":2,"featured_media":3060,"comment_status":"closed","ping_status":"open","sticky":false,"template":"","format":"standard","meta":{"ngg_post_thumbnail":0},"categories":[4],"tags":[],"_links":{"self":[{"href":"http:\/\/www.linsem.cl\/index.php?rest_route=\/wp\/v2\/posts\/3739"}],"collection":[{"href":"http:\/\/www.linsem.cl\/index.php?rest_route=\/wp\/v2\/posts"}],"about":[{"href":"http:\/\/www.linsem.cl\/index.php?rest_route=\/wp\/v2\/types\/post"}],"author":[{"embeddable":true,"href":"http:\/\/www.linsem.cl\/index.php?rest_route=\/wp\/v2\/users\/2"}],"replies":[{"embeddable":true,"href":"http:\/\/www.linsem.cl\/index.php?rest_route=%2Fwp%2Fv2%2Fcomments&post=3739"}],"version-history":[{"count":1,"href":"http:\/\/www.linsem.cl\/index.php?rest_route=\/wp\/v2\/posts\/3739\/revisions"}],"predecessor-version":[{"id":3740,"href":"http:\/\/www.linsem.cl\/index.php?rest_route=\/wp\/v2\/posts\/3739\/revisions\/3740"}],"wp:featuredmedia":[{"embeddable":true,"href":"http:\/\/www.linsem.cl\/index.php?rest_route=\/wp\/v2\/media\/3060"}],"wp:attachment":[{"href":"http:\/\/www.linsem.cl\/index.php?rest_route=%2Fwp%2Fv2%2Fmedia&parent=3739"}],"wp:term":[{"taxonomy":"category","embeddable":true,"href":"http:\/\/www.linsem.cl\/index.php?rest_route=%2Fwp%2Fv2%2Fcategories&post=3739"},{"taxonomy":"post_tag","embeddable":true,"href":"http:\/\/www.linsem.cl\/index.php?rest_route=%2Fwp%2Fv2%2Ftags&post=3739"}],"curies":[{"name":"wp","href":"https:\/\/api.w.org\/{rel}","templated":true}]}}