{"id":3741,"date":"2022-12-07T18:49:33","date_gmt":"2022-12-07T18:49:33","guid":{"rendered":"https:\/\/www.linsem.cl\/?p=3741"},"modified":"2022-12-07T18:49:34","modified_gmt":"2022-12-07T18:49:34","slug":"acto-investidura-estandarte","status":"publish","type":"post","link":"http:\/\/www.linsem.cl\/?p=3741","title":{"rendered":"Acto Investidura Estandarte."},"content":{"rendered":"<p>Como ya es de com\u00fan conocimiento, sufrimos la contingencia de una pandemia global, que nos alej\u00f3 2 a\u00f1os del normal funcionamiento de nuestras instituciones y tradiciones, por ende, esta ceremonia cobra un realce superior, ya que no estamos ante un cambio de estandarte, puesto que no existen en el establecimiento j\u00f3venes abanderados, hoy viviremos una investidura de estandartes, retomando esta solemne tradici\u00f3n que nos llena de orgullo como comunidad mercedaria, de esta manera el Liceo Bicentenario Polivalente Nuestra Se\u00f1ora de la Merced de San Carlos, se alinea con la familia mercedaria de la Congregaci\u00f3n en Chile.<\/p>\n<p>Esta ceremonia viene a instaurar una nueva tradici\u00f3n, ya que se gesta frente a todos los estudiantes y no en una licenciatura, como se hac\u00eda anteriormente, dando un valor y realce propio, por la importancia que tiene este sello institucional. De igual manera, es necesario mencionar que desde hoy y para la posteridad, los abanderados pueden ser varones o damas, siendo s\u00f3lo requisito sus m\u00e9ritos para ser nominado y luego escogido, este honor premia el esfuerzo y ninguna otra caracter\u00edstica que no sea el trabajo duro, la espiritualidad y los buenos valores.<\/p>\n<p>Al igual que el lema de nuestra fundadora: A Jes\u00fas por Mar\u00eda, as\u00ed mismo es imposible llegar a la virtud sin cultivar los buenos valores que tanto caracterizan la formaci\u00f3n de los establecimientos de Congregaci\u00f3n de Religiosas Mercedarias Francesas.<br \/>\n<a data-flickr-embed=\"true\" data-header=\"true\" data-footer=\"true\" href=\"https:\/\/www.flickr.com\/photos\/liceonuestraseoradelamerced\/albums\/72177720304265339\" title=\"Linsem2022(I)-Acto Investidura Estandarte.\"><img loading=\"lazy\" src=\"https:\/\/live.staticflickr.com\/65535\/52547598484_14b94b9735_n.jpg\" width=\"320\" height=\"240\" alt=\"Linsem2022(I)-Acto Investidura Estandarte.\"><\/a><script async=\"\" src=\"\/\/embedr.flickr.com\/assets\/client-code.js\" charset=\"utf-8\"><\/script><\/p>\n<p><a data-flickr-embed=\"true\" data-header=\"true\" data-footer=\"true\" href=\"https:\/\/www.flickr.com\/photos\/liceonuestraseoradelamerced\/albums\/72177720304265479\" title=\"Linsem2022(II)-Acto Investidura Estandarte.\"><img loading=\"lazy\" src=\"https:\/\/live.staticflickr.com\/65535\/52547314386_8be823b8ac_n.jpg\" width=\"320\" height=\"240\" alt=\"Linsem2022(II)-Acto Investidura Estandarte.\"><\/a><script async=\"\" src=\"\/\/embedr.flickr.com\/assets\/client-code.js\" charset=\"utf-8\"><\/script><\/p>\n","protected":false},"excerpt":{"rendered":"<p>Como ya es de com\u00fan conocimiento, sufrimos la contingencia de una pandemia global, que nos alej\u00f3 2 a\u00f1os del normal funcionamiento de nuestras instituciones y tradiciones, por ende, esta ceremonia cobra un realce superior, ya que no estamos ante un cambio de estandarte, puesto que no existen en el establecimiento j\u00f3venes abanderados, hoy viviremos una<a href=\"http:\/\/www.linsem.cl\/?p=3741\">[&#8230;]<\/a><\/p>\n","protected":false},"author":2,"featured_media":2672,"comment_status":"closed","ping_status":"open","sticky":false,"template":"","format":"standard","meta":{"ngg_post_thumbnail":0},"categories":[4],"tags":[],"_links":{"self":[{"href":"http:\/\/www.linsem.cl\/index.php?rest_route=\/wp\/v2\/posts\/3741"}],"collection":[{"href":"http:\/\/www.linsem.cl\/index.php?rest_route=\/wp\/v2\/posts"}],"about":[{"href":"http:\/\/www.linsem.cl\/index.php?rest_route=\/wp\/v2\/types\/post"}],"author":[{"embeddable":true,"href":"http:\/\/www.linsem.cl\/index.php?rest_route=\/wp\/v2\/users\/2"}],"replies":[{"embeddable":true,"href":"http:\/\/www.linsem.cl\/index.php?rest_route=%2Fwp%2Fv2%2Fcomments&post=3741"}],"version-history":[{"count":1,"href":"http:\/\/www.linsem.cl\/index.php?rest_route=\/wp\/v2\/posts\/3741\/revisions"}],"predecessor-version":[{"id":3742,"href":"http:\/\/www.linsem.cl\/index.php?rest_route=\/wp\/v2\/posts\/3741\/revisions\/3742"}],"wp:featuredmedia":[{"embeddable":true,"href":"http:\/\/www.linsem.cl\/index.php?rest_route=\/wp\/v2\/media\/2672"}],"wp:attachment":[{"href":"http:\/\/www.linsem.cl\/index.php?rest_route=%2Fwp%2Fv2%2Fmedia&parent=3741"}],"wp:term":[{"taxonomy":"category","embeddable":true,"href":"http:\/\/www.linsem.cl\/index.php?rest_route=%2Fwp%2Fv2%2Fcategories&post=3741"},{"taxonomy":"post_tag","embeddable":true,"href":"http:\/\/www.linsem.cl\/index.php?rest_route=%2Fwp%2Fv2%2Ftags&post=3741"}],"curies":[{"name":"wp","href":"https:\/\/api.w.org\/{rel}","templated":true}]}}