{"id":3743,"date":"2022-12-07T18:51:42","date_gmt":"2022-12-07T18:51:42","guid":{"rendered":"https:\/\/www.linsem.cl\/?p=3743"},"modified":"2022-12-07T18:52:19","modified_gmt":"2022-12-07T18:52:19","slug":"misa-despedida-iv-medios","status":"publish","type":"post","link":"http:\/\/www.linsem.cl\/?p=3743","title":{"rendered":"Misa despedida IV Medios."},"content":{"rendered":"<p>l jueves 10 de noviembre, se realiz\u00f3 la misa de despedida a los cuartos medios, dirigida por el Cura P\u00e1rroco Francisco Jim\u00e9nez, y en la que participaron alumnos de los cuartos medios y miembros de nuestra comunidad.<\/p>\n<p>En la eucarist\u00eda, el mensaje estuvo centrado en agradecer al Se\u00f1or por los a\u00f1os que estos alumnos estuvieron en nuestro colegio, por la oportunidad de recibir educaci\u00f3n, de recibir una formaci\u00f3n cristiana, por tener una familia, y por todas las bendiciones que recibidas; as\u00ed como tambi\u00e9n de rogar por el futuro de los j\u00f3venes que dejan nuestras aulas, para que puedan cumplir sus sue\u00f1os y sus caminos se constituyan en un aporte a la sociedad y a su entorno como personas cristianas.<\/p>\n<p>Al finalizar la misa, los Padres y apoderados, dieron su bendici\u00f3n a los j\u00f3venes que parten, quienes adem\u00e1s recibieron la bendici\u00f3n de sus padres y sus familias, con quienes oraron por su presente y su futuro.<br \/>\n<a data-flickr-embed=\"true\" data-header=\"true\" data-footer=\"true\" href=\"https:\/\/www.flickr.com\/photos\/liceonuestraseoradelamerced\/albums\/72177720304256656\" title=\"Linsem2022-Misa despedida IV Medios.\"><img loading=\"lazy\" src=\"https:\/\/live.staticflickr.com\/65535\/52547408071_c0e08f9920_n.jpg\" width=\"320\" height=\"240\" alt=\"Linsem2022-Misa despedida IV Medios.\"><\/a><script async=\"\" src=\"\/\/embedr.flickr.com\/assets\/client-code.js\" charset=\"utf-8\"><\/script><\/p>\n","protected":false},"excerpt":{"rendered":"<p>l jueves 10 de noviembre, se realiz\u00f3 la misa de despedida a los cuartos medios, dirigida por el Cura P\u00e1rroco Francisco Jim\u00e9nez, y en la que participaron alumnos de los cuartos medios y miembros de nuestra comunidad. En la eucarist\u00eda, el mensaje estuvo centrado en agradecer al Se\u00f1or por los a\u00f1os que estos alumnos estuvieron<a href=\"http:\/\/www.linsem.cl\/?p=3743\">[&#8230;]<\/a><\/p>\n","protected":false},"author":2,"featured_media":3060,"comment_status":"closed","ping_status":"open","sticky":false,"template":"","format":"standard","meta":{"ngg_post_thumbnail":0},"categories":[4],"tags":[],"_links":{"self":[{"href":"http:\/\/www.linsem.cl\/index.php?rest_route=\/wp\/v2\/posts\/3743"}],"collection":[{"href":"http:\/\/www.linsem.cl\/index.php?rest_route=\/wp\/v2\/posts"}],"about":[{"href":"http:\/\/www.linsem.cl\/index.php?rest_route=\/wp\/v2\/types\/post"}],"author":[{"embeddable":true,"href":"http:\/\/www.linsem.cl\/index.php?rest_route=\/wp\/v2\/users\/2"}],"replies":[{"embeddable":true,"href":"http:\/\/www.linsem.cl\/index.php?rest_route=%2Fwp%2Fv2%2Fcomments&post=3743"}],"version-history":[{"count":1,"href":"http:\/\/www.linsem.cl\/index.php?rest_route=\/wp\/v2\/posts\/3743\/revisions"}],"predecessor-version":[{"id":3744,"href":"http:\/\/www.linsem.cl\/index.php?rest_route=\/wp\/v2\/posts\/3743\/revisions\/3744"}],"wp:featuredmedia":[{"embeddable":true,"href":"http:\/\/www.linsem.cl\/index.php?rest_route=\/wp\/v2\/media\/3060"}],"wp:attachment":[{"href":"http:\/\/www.linsem.cl\/index.php?rest_route=%2Fwp%2Fv2%2Fmedia&parent=3743"}],"wp:term":[{"taxonomy":"category","embeddable":true,"href":"http:\/\/www.linsem.cl\/index.php?rest_route=%2Fwp%2Fv2%2Fcategories&post=3743"},{"taxonomy":"post_tag","embeddable":true,"href":"http:\/\/www.linsem.cl\/index.php?rest_route=%2Fwp%2Fv2%2Ftags&post=3743"}],"curies":[{"name":"wp","href":"https:\/\/api.w.org\/{rel}","templated":true}]}}