{"id":3745,"date":"2022-12-07T18:56:25","date_gmt":"2022-12-07T18:56:25","guid":{"rendered":"https:\/\/www.linsem.cl\/?p=3745"},"modified":"2022-12-07T18:56:26","modified_gmt":"2022-12-07T18:56:26","slug":"licenciaturas-iv-medio-generacion-2022","status":"publish","type":"post","link":"http:\/\/www.linsem.cl\/?p=3745","title":{"rendered":"Licenciaturas IV medio Generaci\u00f3n 2022"},"content":{"rendered":"<p>Con una emotiva ceremonia, y en presencia de sus padres y familias, los estudiantes de IV\u00b0 medio que este a\u00f1o egresan recibieron su licenciatura.<\/p>\n<p>El viernes 11 de noviembre vivimos una emotiva ceremonia de Licenciatura de la generaci\u00f3n de IV\u00b0 Medios 2022, donde nuestros alumnos\/as, acompa\u00f1ados de sus familias y profesores, dieron el paso a una nueva etapa de sus vidas.<\/p>\n<p>Durante la ceremonia, escuchamos las emotivas palabras de nuestra Madre Directora Sor Estela Barraza, profesores jefes y estudiantes. Luego, realizamos la entrega de licencias y la tradicional premiaci\u00f3n, en la que se reconocen los m\u00e9ritos de j\u00f3venes que se han destacado en diversos \u00e1mbitos que nuestro liceo considera relevantes para el desarrollo integral de una persona.<\/p>\n<p>Les deseamos lo mejor, por siempre.<br \/>\n<a data-flickr-embed=\"true\" data-header=\"true\" data-footer=\"true\" href=\"https:\/\/www.flickr.com\/photos\/liceonuestraseoradelamerced\/albums\/72177720304269149\" title=\"Linsem2022-(I)Licenciaturas IV medio Generaci\u00f3n 2022\"><img loading=\"lazy\" src=\"https:\/\/live.staticflickr.com\/65535\/52548071140_a70b4a78c4_n.jpg\" width=\"320\" height=\"240\" alt=\"Linsem2022-(I)Licenciaturas IV medio Generaci\u00f3n 2022\"><\/a><script async=\"\" src=\"\/\/embedr.flickr.com\/assets\/client-code.js\" charset=\"utf-8\"><\/script><\/p>\n<p><a data-flickr-embed=\"true\" data-header=\"true\" data-footer=\"true\" href=\"https:\/\/www.flickr.com\/photos\/liceonuestraseoradelamerced\/albums\/72177720304277543\" title=\"Linsem2022-(II)Licenciaturas IV medios generaci\u00f3n 2022.\"><img loading=\"lazy\" src=\"https:\/\/live.staticflickr.com\/65535\/52547241012_b5a5439465_n.jpg\" width=\"320\" height=\"240\" alt=\"Linsem2022-(II)Licenciaturas IV medios generaci\u00f3n 2022.\"><\/a><script async=\"\" src=\"\/\/embedr.flickr.com\/assets\/client-code.js\" charset=\"utf-8\"><\/script><\/p>\n<p><a data-flickr-embed=\"true\" data-header=\"true\" data-footer=\"true\" href=\"https:\/\/www.flickr.com\/photos\/liceonuestraseoradelamerced\/albums\/72177720304260856\" title=\"Linsem2022-(III) Licenciatura IV Medios generaci\u00f3n 2022.\"><img loading=\"lazy\" src=\"https:\/\/live.staticflickr.com\/65535\/52547722171_6e71e630a7_m.jpg\" width=\"320\" height=\"240\" alt=\"Linsem2022-(III) Licenciatura IV Medios generaci\u00f3n 2022.\"><\/a><script async=\"\" src=\"\/\/embedr.flickr.com\/assets\/client-code.js\" charset=\"utf-8\"><\/script><\/p>\n","protected":false},"excerpt":{"rendered":"<p>Con una emotiva ceremonia, y en presencia de sus padres y familias, los estudiantes de IV\u00b0 medio que este a\u00f1o egresan recibieron su licenciatura. El viernes 11 de noviembre vivimos una emotiva ceremonia de Licenciatura de la generaci\u00f3n de IV\u00b0 Medios 2022, donde nuestros alumnos\/as, acompa\u00f1ados de sus familias y profesores, dieron el paso a<a href=\"http:\/\/www.linsem.cl\/?p=3745\">[&#8230;]<\/a><\/p>\n","protected":false},"author":2,"featured_media":3746,"comment_status":"closed","ping_status":"open","sticky":false,"template":"","format":"standard","meta":{"ngg_post_thumbnail":0},"categories":[4],"tags":[],"_links":{"self":[{"href":"http:\/\/www.linsem.cl\/index.php?rest_route=\/wp\/v2\/posts\/3745"}],"collection":[{"href":"http:\/\/www.linsem.cl\/index.php?rest_route=\/wp\/v2\/posts"}],"about":[{"href":"http:\/\/www.linsem.cl\/index.php?rest_route=\/wp\/v2\/types\/post"}],"author":[{"embeddable":true,"href":"http:\/\/www.linsem.cl\/index.php?rest_route=\/wp\/v2\/users\/2"}],"replies":[{"embeddable":true,"href":"http:\/\/www.linsem.cl\/index.php?rest_route=%2Fwp%2Fv2%2Fcomments&post=3745"}],"version-history":[{"count":1,"href":"http:\/\/www.linsem.cl\/index.php?rest_route=\/wp\/v2\/posts\/3745\/revisions"}],"predecessor-version":[{"id":3747,"href":"http:\/\/www.linsem.cl\/index.php?rest_route=\/wp\/v2\/posts\/3745\/revisions\/3747"}],"wp:featuredmedia":[{"embeddable":true,"href":"http:\/\/www.linsem.cl\/index.php?rest_route=\/wp\/v2\/media\/3746"}],"wp:attachment":[{"href":"http:\/\/www.linsem.cl\/index.php?rest_route=%2Fwp%2Fv2%2Fmedia&parent=3745"}],"wp:term":[{"taxonomy":"category","embeddable":true,"href":"http:\/\/www.linsem.cl\/index.php?rest_route=%2Fwp%2Fv2%2Fcategories&post=3745"},{"taxonomy":"post_tag","embeddable":true,"href":"http:\/\/www.linsem.cl\/index.php?rest_route=%2Fwp%2Fv2%2Ftags&post=3745"}],"curies":[{"name":"wp","href":"https:\/\/api.w.org\/{rel}","templated":true}]}}