{"id":3750,"date":"2022-12-07T19:56:16","date_gmt":"2022-12-07T19:56:16","guid":{"rendered":"https:\/\/www.linsem.cl\/?p=3750"},"modified":"2022-12-07T20:02:29","modified_gmt":"2022-12-07T20:02:29","slug":"ceremonia-de-premiacion-concurso-ensenando-aprendo","status":"publish","type":"post","link":"http:\/\/www.linsem.cl\/?p=3750","title":{"rendered":"CEREMONIA DE PREMIACI\u00d3N CONCURSO \u201cENSE\u00d1ANDO APRENDO\u201d"},"content":{"rendered":"<p>El d\u00eda jueves 17 de noviembre se llev\u00f3 a cabo la ceremonia de premiaci\u00f3n del concurso<br>\u201cENSE\u00d1ANDO APRENDO\u201d, actividad multidisciplinaria organizada por los departamentos de Artes<br>y Filosof\u00eda, Matem\u00e1ticas, Religi\u00f3n y Equipo de Convivencia Escolar.<br>El concurso busc\u00f3 potenciar en los alumnos el desarrollo de valores, auto-gesti\u00f3n,<br>habilidades espec\u00edficas de cada asignatura y articular los objetivos de aprendizaje, en beneficio del<br>desarrollo de los saberes interdisciplinarios, procedimentales y actitudinales.<br>Los alumnos y alumnas participantes en cada categor\u00eda, resolvieron un problema<br>matem\u00e1tico, compartiendo el procedimiento a trav\u00e9s de un video, el que fue socializado en clases,<br>fortaleciendo as\u00ed el aprendizaje entre pares.<\/p>\n<p>Los estudiantes premiados son:<br><strong><em>1\u00b0 categor\u00eda 5\u00ba y 6\u00ba b\u00e1sicos.<\/em><\/strong><br>1er lugar: Michelle Garrido, del 6\u00b0 a\u00f1o B<br>2do lugar: Josefa Arias, del 5\u00b0 a\u00f1o B<\/p>\n<p><strong><em>2\u00b0 categor\u00eda 7\u00ba y 8\u00ba b\u00e1sicos<\/em><\/strong><br>1er lugar: Catalina Bustos, del 8\u00b0 a\u00f1o A<br>2do lugar: Francisco Caro, del 7\u00b0 a\u00f1o A<\/p>\n<p><strong><em>3\u00b0 categor\u00eda 1\u00ba y 2\u00ba medio<\/em><\/strong><br>1er lugar: Catalina Roa, del 2\u00b0HC<br>2do lugar: Luz Suazo, del 2\u00b0TPB<\/p>\n<p><strong><em>4\u00b0 categor\u00eda 3\u00ba y 4\u00ba medio<\/em><\/strong><br>1er lugar: Sebasti\u00e1n Figueroa, del 3\u00b0TPB.<br>2do lugar: Oscar Ib\u00e1\u00f1ez, del 4\u00b0TPA<\/p>\n<p>La ceremonia cont\u00f3 con la presencia de profesores, apoderados e invitados especiales<br>quienes pudieron apreciar el trabajo desarrollado por los alumnos al observar cada uno de los<br>videos ganadores.<\/p>\n<p><a data-flickr-embed=\"true\" data-header=\"true\" data-footer=\"true\" href=\"https:\/\/www.flickr.com\/photos\/liceonuestraseoradelamerced\/albums\/72177720304286262\" title=\"Linsem2022-CONCURSO \u201cENSE\u00d1ANDO APRENDO\u201d\"><img loading=\"lazy\" src=\"https:\/\/live.staticflickr.com\/65535\/52549554389_c3887547c5_m.jpg\" width=\"320\" height=\"240\" alt=\"Linsem2022-CONCURSO \u201cENSE\u00d1ANDO APRENDO\u201d\"><\/a><script async=\"\" src=\"\/\/embedr.flickr.com\/assets\/client-code.js\" charset=\"utf-8\"><\/script><\/p>\n<p><a data-flickr-embed=\"true\" data-header=\"true\" data-footer=\"true\" href=\"https:\/\/www.flickr.com\/photos\/liceonuestraseoradelamerced\/52548780812\/in\/dateposted\/\" title=\"Sebasti\u00e1n Figueroa 3\u00ba TP B\"><img loading=\"lazy\" src=\"https:\/\/live.staticflickr.com\/31337\/52548780812_5673d5cbef_n.jpg\" width=\"320\" height=\"180\" alt=\"Sebasti\u00e1n Figueroa 3\u00ba TP B\"><\/a><script async=\"\" src=\"\/\/embedr.flickr.com\/assets\/client-code.js\" charset=\"utf-8\"><\/script><\/p>\n<p><a data-flickr-embed=\"true\" data-header=\"true\" data-footer=\"true\" href=\"https:\/\/www.flickr.com\/photos\/liceonuestraseoradelamerced\/52549513469\/in\/dateposted\/\" title=\"Oscar Ib\u00e1\u00f1ez 4\u00ba TP A\"><img loading=\"lazy\" src=\"https:\/\/live.staticflickr.com\/31337\/52549513469_8782f8d288_n.jpg\" width=\"320\" height=\"180\" alt=\"Oscar Ib\u00e1\u00f1ez 4\u00ba TP A\"><\/a><script async=\"\" src=\"\/\/embedr.flickr.com\/assets\/client-code.js\" charset=\"utf-8\"><\/script><\/p>\n<p><a data-flickr-embed=\"true\" data-header=\"true\" data-footer=\"true\" href=\"https:\/\/www.flickr.com\/photos\/liceonuestraseoradelamerced\/52549691605\/in\/dateposted\/\" title=\"Michelle Garrido 6\u00ba B\"><img loading=\"lazy\" src=\"https:\/\/live.staticflickr.com\/31337\/52549691605_98e7687f0d_n.jpg\" width=\"320\" height=\"180\" alt=\"Michelle Garrido 6\u00ba B\"><\/a><script async=\"\" src=\"\/\/embedr.flickr.com\/assets\/client-code.js\" charset=\"utf-8\"><\/script><\/p>\n<p><a data-flickr-embed=\"true\" data-header=\"true\" data-footer=\"true\" href=\"https:\/\/www.flickr.com\/photos\/liceonuestraseoradelamerced\/52548760322\/in\/dateposted\/\" title=\"Josefa Arias 5\u00ba B\"><img loading=\"lazy\" src=\"https:\/\/live.staticflickr.com\/31337\/52548760322_1cca7dca32_n.jpg\" width=\"320\" height=\"180\" alt=\"Josefa Arias 5\u00ba B\"><\/a><script async=\"\" src=\"\/\/embedr.flickr.com\/assets\/client-code.js\" charset=\"utf-8\"><\/script><\/p>\n<p><a data-flickr-embed=\"true\" data-header=\"true\" data-footer=\"true\" href=\"https:\/\/www.flickr.com\/photos\/liceonuestraseoradelamerced\/52548760502\/in\/dateposted\/\" title=\"francisco Caro\"><img loading=\"lazy\" src=\"https:\/\/live.staticflickr.com\/31337\/52548760502_48137b505b_n.jpg\" width=\"320\" height=\"180\" alt=\"francisco Caro\"><\/a><script async=\"\" src=\"\/\/embedr.flickr.com\/assets\/client-code.js\" charset=\"utf-8\"><\/script><\/p>\n<p><a data-flickr-embed=\"true\" data-header=\"true\" data-footer=\"true\" href=\"https:\/\/www.flickr.com\/photos\/liceonuestraseoradelamerced\/52548761097\/in\/dateposted\/\" title=\"Catalina Bustos 8\u00baA\"><img loading=\"lazy\" src=\"https:\/\/live.staticflickr.com\/31337\/52548761097_1e79bd921b_n.jpg\" width=\"320\" height=\"180\" alt=\"Catalina Bustos 8\u00baA\"><\/a><script async=\"\" src=\"\/\/embedr.flickr.com\/assets\/client-code.js\" charset=\"utf-8\"><\/script><\/p>\n<p><a data-flickr-embed=\"true\" data-header=\"true\" data-footer=\"true\" href=\"https:\/\/www.flickr.com\/photos\/liceonuestraseoradelamerced\/52549533864\/in\/dateposted\/\" title=\"Luz Suazo 2\u00ba TP B\"><img loading=\"lazy\" src=\"https:\/\/live.staticflickr.com\/31337\/52549533864_63697f4b1d_n.jpg\" width=\"320\" height=\"180\" alt=\"Luz Suazo 2\u00ba TP B\"><\/a><script async=\"\" src=\"\/\/embedr.flickr.com\/assets\/client-code.js\" charset=\"utf-8\"><\/script><\/p>\n<p><a data-flickr-embed=\"true\" data-header=\"true\" data-footer=\"true\" href=\"https:\/\/www.flickr.com\/photos\/liceonuestraseoradelamerced\/52549518239\/in\/dateposted\/\" title=\"Catalina Roa 2\u00ba HC\"><img loading=\"lazy\" src=\"https:\/\/live.staticflickr.com\/31337\/52549518239_dcee777c20_n.jpg\" width=\"320\" height=\"180\" alt=\"Catalina Roa 2\u00ba HC\"><\/a><script async=\"\" src=\"\/\/embedr.flickr.com\/assets\/client-code.js\" charset=\"utf-8\"><\/script><\/p>\n\n\n<p><\/p>\n","protected":false},"excerpt":{"rendered":"<p>El d\u00eda jueves 17 de noviembre se llev\u00f3 a cabo la ceremonia de premiaci\u00f3n del concurso\u201cENSE\u00d1ANDO APRENDO\u201d, actividad multidisciplinaria organizada por los departamentos de Artesy Filosof\u00eda, Matem\u00e1ticas, Religi\u00f3n y Equipo de Convivencia Escolar.El concurso busc\u00f3 potenciar en los alumnos el desarrollo de valores, auto-gesti\u00f3n,habilidades espec\u00edficas de cada asignatura y articular los objetivos de aprendizaje, en<a href=\"http:\/\/www.linsem.cl\/?p=3750\">[&#8230;]<\/a><\/p>\n","protected":false},"author":2,"featured_media":3605,"comment_status":"closed","ping_status":"open","sticky":false,"template":"","format":"standard","meta":{"ngg_post_thumbnail":0},"categories":[4],"tags":[],"_links":{"self":[{"href":"http:\/\/www.linsem.cl\/index.php?rest_route=\/wp\/v2\/posts\/3750"}],"collection":[{"href":"http:\/\/www.linsem.cl\/index.php?rest_route=\/wp\/v2\/posts"}],"about":[{"href":"http:\/\/www.linsem.cl\/index.php?rest_route=\/wp\/v2\/types\/post"}],"author":[{"embeddable":true,"href":"http:\/\/www.linsem.cl\/index.php?rest_route=\/wp\/v2\/users\/2"}],"replies":[{"embeddable":true,"href":"http:\/\/www.linsem.cl\/index.php?rest_route=%2Fwp%2Fv2%2Fcomments&post=3750"}],"version-history":[{"count":7,"href":"http:\/\/www.linsem.cl\/index.php?rest_route=\/wp\/v2\/posts\/3750\/revisions"}],"predecessor-version":[{"id":3759,"href":"http:\/\/www.linsem.cl\/index.php?rest_route=\/wp\/v2\/posts\/3750\/revisions\/3759"}],"wp:featuredmedia":[{"embeddable":true,"href":"http:\/\/www.linsem.cl\/index.php?rest_route=\/wp\/v2\/media\/3605"}],"wp:attachment":[{"href":"http:\/\/www.linsem.cl\/index.php?rest_route=%2Fwp%2Fv2%2Fmedia&parent=3750"}],"wp:term":[{"taxonomy":"category","embeddable":true,"href":"http:\/\/www.linsem.cl\/index.php?rest_route=%2Fwp%2Fv2%2Fcategories&post=3750"},{"taxonomy":"post_tag","embeddable":true,"href":"http:\/\/www.linsem.cl\/index.php?rest_route=%2Fwp%2Fv2%2Ftags&post=3750"}],"curies":[{"name":"wp","href":"https:\/\/api.w.org\/{rel}","templated":true}]}}