{"id":3776,"date":"2023-03-24T11:36:15","date_gmt":"2023-03-24T11:36:15","guid":{"rendered":"https:\/\/www.linsem.cl\/?p=3776"},"modified":"2023-03-24T11:36:16","modified_gmt":"2023-03-24T11:36:16","slug":"bendicion-de-polerones-ivo-medio-2023","status":"publish","type":"post","link":"http:\/\/www.linsem.cl\/?p=3776","title":{"rendered":"Bendici\u00f3n de polerones IV\u00ba medio 2023"},"content":{"rendered":"\n<p>Como ya es tradici\u00f3n en nuestra casa educativa, los estudiantes de IV\u00ba medio<br>inician el \u00faltimo a\u00f1o de su etapa escolar con un signo distintivo, polerones<br>personalizados que vienen a resumir un poco de su personalidad, que se ha<br>ido formando con nuestro colegio como testigo principal.<\/p>\n\n\n\n<p><br>Nos enorgullece y llena el coraz\u00f3n el evidenciar el cari\u00f1o y compromiso de las<br>familias, miembros integrales de nuestra comunidad mercedaria, que<br>acompa\u00f1an a estos j\u00f3venes en los \u00faltimos pasos de este brillante caminar.<br>Nuestro compromiso y vocaci\u00f3n siempre es con y para Dios, reflejo de ello fue<br>pedirle su bendici\u00f3n, para que estas prendas recuerden a nuestros estudiantes<br>el lazo que gracias a este colegio tienen con madre Theresa, Nuestra Madre de<br>la merced y Cristo Redentor.<\/p>\n\n\n\n<p><br>Los invitamos pues a seguir con alegr\u00eda y valor, enfrentando los desaf\u00edos de<br>este, su \u00faltimo a\u00f1o escolar.<\/p>\n\n\n<p><a data-flickr-embed=\"true\" data-header=\"true\" data-footer=\"true\" href=\"https:\/\/www.flickr.com\/photos\/liceonuestraseoradelamerced\/albums\/72177720306970654\" title=\"Linsem-Bendici\u00f3n Polerones 2023\"><img loading=\"lazy\" src=\"https:\/\/live.staticflickr.com\/65535\/52768314148_6626d03347_z.jpg\" width=\"640\" height=\"480\" alt=\"Linsem-Bendici\u00f3n Polerones 2023\"><\/a><script async=\"\" src=\"\/\/embedr.flickr.com\/assets\/client-code.js\" charset=\"utf-8\"><\/script><\/p>","protected":false},"excerpt":{"rendered":"<p>Como ya es tradici\u00f3n en nuestra casa educativa, los estudiantes de IV\u00ba medioinician el \u00faltimo a\u00f1o de su etapa escolar con un signo distintivo, poleronespersonalizados que vienen a resumir un poco de su personalidad, que se haido formando con nuestro colegio como testigo principal. Nos enorgullece y llena el coraz\u00f3n el evidenciar el cari\u00f1o y<a href=\"http:\/\/www.linsem.cl\/?p=3776\">[&#8230;]<\/a><\/p>\n","protected":false},"author":2,"featured_media":1650,"comment_status":"closed","ping_status":"open","sticky":false,"template":"","format":"standard","meta":{"ngg_post_thumbnail":0},"categories":[4],"tags":[],"_links":{"self":[{"href":"http:\/\/www.linsem.cl\/index.php?rest_route=\/wp\/v2\/posts\/3776"}],"collection":[{"href":"http:\/\/www.linsem.cl\/index.php?rest_route=\/wp\/v2\/posts"}],"about":[{"href":"http:\/\/www.linsem.cl\/index.php?rest_route=\/wp\/v2\/types\/post"}],"author":[{"embeddable":true,"href":"http:\/\/www.linsem.cl\/index.php?rest_route=\/wp\/v2\/users\/2"}],"replies":[{"embeddable":true,"href":"http:\/\/www.linsem.cl\/index.php?rest_route=%2Fwp%2Fv2%2Fcomments&post=3776"}],"version-history":[{"count":3,"href":"http:\/\/www.linsem.cl\/index.php?rest_route=\/wp\/v2\/posts\/3776\/revisions"}],"predecessor-version":[{"id":3779,"href":"http:\/\/www.linsem.cl\/index.php?rest_route=\/wp\/v2\/posts\/3776\/revisions\/3779"}],"wp:featuredmedia":[{"embeddable":true,"href":"http:\/\/www.linsem.cl\/index.php?rest_route=\/wp\/v2\/media\/1650"}],"wp:attachment":[{"href":"http:\/\/www.linsem.cl\/index.php?rest_route=%2Fwp%2Fv2%2Fmedia&parent=3776"}],"wp:term":[{"taxonomy":"category","embeddable":true,"href":"http:\/\/www.linsem.cl\/index.php?rest_route=%2Fwp%2Fv2%2Fcategories&post=3776"},{"taxonomy":"post_tag","embeddable":true,"href":"http:\/\/www.linsem.cl\/index.php?rest_route=%2Fwp%2Fv2%2Ftags&post=3776"}],"curies":[{"name":"wp","href":"https:\/\/api.w.org\/{rel}","templated":true}]}}