{"id":3791,"date":"2023-04-18T16:52:14","date_gmt":"2023-04-18T16:52:14","guid":{"rendered":"https:\/\/www.linsem.cl\/?p=3791"},"modified":"2023-04-18T16:52:15","modified_gmt":"2023-04-18T16:52:15","slug":"celebracion-pascua-judia-funcionarios","status":"publish","type":"post","link":"http:\/\/www.linsem.cl\/?p=3791","title":{"rendered":"Celebraci\u00f3n Pascua Jud\u00eda funcionarios"},"content":{"rendered":"<p>La \u00faltima cena de Jes\u00fas en la tierra antes de su pasi\u00f3n, precisamente fue celebrando la fiesta de la pascua, una de las fiestas m\u00e1s importantes para el pueblo jud\u00edo, que conmemora la huida del cautiverio egipcio, dirigidos por Mois\u00e9s.<br \/>\nJes\u00fas fue jud\u00edo y uno muy devoto, por ende, no es de extra\u00f1ar que haya honrado siempre la ley y la tradici\u00f3n, sin embargo, esa tarde instituy\u00f3 en esa cena el sacramento de la comuni\u00f3n, d\u00e1ndonos la oportunidad de ser uno con \u00e9l cada vez que podamos.<br \/>\nDe esta manera y como es costumbre, nuestra comunidad educativa quiso rendir homenaje a tan linda escena, que tan bien nos hace como iglesia.<br \/>\n<a title=\"Linsem-Celebraci\u00f3n Pascua Jud\u00eda funcionarios2023.\" href=\"https:\/\/www.flickr.com\/photos\/liceonuestraseoradelamerced\/albums\/72177720307598767\" data-flickr-embed=\"true\" data-header=\"true\" data-footer=\"true\"><img loading=\"lazy\" src=\"https:\/\/live.staticflickr.com\/65535\/52826920112_979745efda_n.jpg\" alt=\"Linsem-Celebraci\u00f3n Pascua Jud\u00eda funcionarios2023.\" width=\"320\" height=\"240\"><\/a><script async=\"\" src=\"\/\/embedr.flickr.com\/assets\/client-code.js\" charset=\"utf-8\"><\/script><\/p>\n","protected":false},"excerpt":{"rendered":"<p>La \u00faltima cena de Jes\u00fas en la tierra antes de su pasi\u00f3n, precisamente fue celebrando la fiesta de la pascua, una de las fiestas m\u00e1s importantes para el pueblo jud\u00edo, que conmemora la huida del cautiverio egipcio, dirigidos por Mois\u00e9s. Jes\u00fas fue jud\u00edo y uno muy devoto, por ende, no es de extra\u00f1ar que haya<a href=\"http:\/\/www.linsem.cl\/?p=3791\">[&#8230;]<\/a><\/p>\n","protected":false},"author":2,"featured_media":3515,"comment_status":"closed","ping_status":"open","sticky":false,"template":"","format":"standard","meta":{"ngg_post_thumbnail":0},"categories":[4],"tags":[],"_links":{"self":[{"href":"http:\/\/www.linsem.cl\/index.php?rest_route=\/wp\/v2\/posts\/3791"}],"collection":[{"href":"http:\/\/www.linsem.cl\/index.php?rest_route=\/wp\/v2\/posts"}],"about":[{"href":"http:\/\/www.linsem.cl\/index.php?rest_route=\/wp\/v2\/types\/post"}],"author":[{"embeddable":true,"href":"http:\/\/www.linsem.cl\/index.php?rest_route=\/wp\/v2\/users\/2"}],"replies":[{"embeddable":true,"href":"http:\/\/www.linsem.cl\/index.php?rest_route=%2Fwp%2Fv2%2Fcomments&post=3791"}],"version-history":[{"count":1,"href":"http:\/\/www.linsem.cl\/index.php?rest_route=\/wp\/v2\/posts\/3791\/revisions"}],"predecessor-version":[{"id":3792,"href":"http:\/\/www.linsem.cl\/index.php?rest_route=\/wp\/v2\/posts\/3791\/revisions\/3792"}],"wp:featuredmedia":[{"embeddable":true,"href":"http:\/\/www.linsem.cl\/index.php?rest_route=\/wp\/v2\/media\/3515"}],"wp:attachment":[{"href":"http:\/\/www.linsem.cl\/index.php?rest_route=%2Fwp%2Fv2%2Fmedia&parent=3791"}],"wp:term":[{"taxonomy":"category","embeddable":true,"href":"http:\/\/www.linsem.cl\/index.php?rest_route=%2Fwp%2Fv2%2Fcategories&post=3791"},{"taxonomy":"post_tag","embeddable":true,"href":"http:\/\/www.linsem.cl\/index.php?rest_route=%2Fwp%2Fv2%2Ftags&post=3791"}],"curies":[{"name":"wp","href":"https:\/\/api.w.org\/{rel}","templated":true}]}}