{"id":3794,"date":"2023-04-18T17:01:10","date_gmt":"2023-04-18T17:01:10","guid":{"rendered":"https:\/\/www.linsem.cl\/?p=3794"},"modified":"2023-04-18T17:01:11","modified_gmt":"2023-04-18T17:01:11","slug":"pascua-de-resurreccion","status":"publish","type":"post","link":"http:\/\/www.linsem.cl\/?p=3794","title":{"rendered":"Pascua de resurrecci\u00f3n."},"content":{"rendered":"<p>Como comunidad educativa nos enorgullecemos en celebrar, realmente celebrar, la resurrecci\u00f3n de nuestro se\u00f1or Jesucristo, ya que, venciendo la muerte, no s\u00f3lo nos da la esperanza de una vida eterna para nosotros, sino que tambi\u00e9n nos demuestra que \u00e9l es realmente el se\u00f1or de todo y que la vida vence a la muerte.<br \/>\nEn un acto de fraternidad, compartimos estos hermosos momentos entre colegas y amigos, como la familia mercedaria que somos.<br \/>\n<a data-flickr-embed=\"true\" data-header=\"true\" data-footer=\"true\" href=\"https:\/\/www.flickr.com\/photos\/liceonuestraseoradelamerced\/albums\/72177720307611754\" title=\"Linsem-Pascua de resurrecci\u00f3n 2023.\"><img loading=\"lazy\" src=\"https:\/\/live.staticflickr.com\/65535\/52827513921_cfa817878f_n.jpg\" width=\"320\" height=\"240\" alt=\"Linsem-Pascua de resurrecci\u00f3n 2023.\"><\/a><script async=\"\" src=\"\/\/embedr.flickr.com\/assets\/client-code.js\" charset=\"utf-8\"><\/script><\/p>\n","protected":false},"excerpt":{"rendered":"<p>Como comunidad educativa nos enorgullecemos en celebrar, realmente celebrar, la resurrecci\u00f3n de nuestro se\u00f1or Jesucristo, ya que, venciendo la muerte, no s\u00f3lo nos da la esperanza de una vida eterna para nosotros, sino que tambi\u00e9n nos demuestra que \u00e9l es realmente el se\u00f1or de todo y que la vida vence a la muerte. En un<a href=\"http:\/\/www.linsem.cl\/?p=3794\">[&#8230;]<\/a><\/p>\n","protected":false},"author":2,"featured_media":3060,"comment_status":"closed","ping_status":"open","sticky":false,"template":"","format":"standard","meta":{"ngg_post_thumbnail":0},"categories":[4],"tags":[],"_links":{"self":[{"href":"http:\/\/www.linsem.cl\/index.php?rest_route=\/wp\/v2\/posts\/3794"}],"collection":[{"href":"http:\/\/www.linsem.cl\/index.php?rest_route=\/wp\/v2\/posts"}],"about":[{"href":"http:\/\/www.linsem.cl\/index.php?rest_route=\/wp\/v2\/types\/post"}],"author":[{"embeddable":true,"href":"http:\/\/www.linsem.cl\/index.php?rest_route=\/wp\/v2\/users\/2"}],"replies":[{"embeddable":true,"href":"http:\/\/www.linsem.cl\/index.php?rest_route=%2Fwp%2Fv2%2Fcomments&post=3794"}],"version-history":[{"count":1,"href":"http:\/\/www.linsem.cl\/index.php?rest_route=\/wp\/v2\/posts\/3794\/revisions"}],"predecessor-version":[{"id":3795,"href":"http:\/\/www.linsem.cl\/index.php?rest_route=\/wp\/v2\/posts\/3794\/revisions\/3795"}],"wp:featuredmedia":[{"embeddable":true,"href":"http:\/\/www.linsem.cl\/index.php?rest_route=\/wp\/v2\/media\/3060"}],"wp:attachment":[{"href":"http:\/\/www.linsem.cl\/index.php?rest_route=%2Fwp%2Fv2%2Fmedia&parent=3794"}],"wp:term":[{"taxonomy":"category","embeddable":true,"href":"http:\/\/www.linsem.cl\/index.php?rest_route=%2Fwp%2Fv2%2Fcategories&post=3794"},{"taxonomy":"post_tag","embeddable":true,"href":"http:\/\/www.linsem.cl\/index.php?rest_route=%2Fwp%2Fv2%2Ftags&post=3794"}],"curies":[{"name":"wp","href":"https:\/\/api.w.org\/{rel}","templated":true}]}}