{"id":3797,"date":"2023-04-18T18:59:10","date_gmt":"2023-04-18T18:59:10","guid":{"rendered":"https:\/\/www.linsem.cl\/?p=3797"},"modified":"2023-04-18T18:59:11","modified_gmt":"2023-04-18T18:59:11","slug":"cuenta-publica-2023","status":"publish","type":"post","link":"http:\/\/www.linsem.cl\/?p=3797","title":{"rendered":"Cuenta p\u00fablica 2023"},"content":{"rendered":"<p>Como ya es tradici\u00f3n, y compuesto una disposici\u00f3n legal, es que nuestra directora, Sor Estela Barraza Castro, rinde cuentas ante la comunidad toda, acerca de su gesti\u00f3n y misi\u00f3n en nuestro establecimiento, a fin de transparentar su trabajo y gastos, que siempre han propendido a la ayuda de todo estudiante, para que su desarrollo sea completo y alegre, en esta, una de las etapas m\u00e1s hermosas de la vida.<br \/>\n<a data-flickr-embed=\"true\" data-header=\"true\" data-footer=\"true\" href=\"https:\/\/www.flickr.com\/photos\/liceonuestraseoradelamerced\/albums\/72177720307598811\" title=\"Linsem-Cuenta Publica 2023\"><img loading=\"lazy\" src=\"https:\/\/live.staticflickr.com\/65535\/52828184128_29646eb88f_m.jpg\" width=\"320\" height=\"240\" alt=\"Linsem-Cuenta Publica 2023\"><\/a><script async=\"\" src=\"\/\/embedr.flickr.com\/assets\/client-code.js\" charset=\"utf-8\"><\/script><\/p>\n","protected":false},"excerpt":{"rendered":"<p>Como ya es tradici\u00f3n, y compuesto una disposici\u00f3n legal, es que nuestra directora, Sor Estela Barraza Castro, rinde cuentas ante la comunidad toda, acerca de su gesti\u00f3n y misi\u00f3n en nuestro establecimiento, a fin de transparentar su trabajo y gastos, que siempre han propendido a la ayuda de todo estudiante, para que su desarrollo sea<a href=\"http:\/\/www.linsem.cl\/?p=3797\">[&#8230;]<\/a><\/p>\n","protected":false},"author":2,"featured_media":2672,"comment_status":"closed","ping_status":"open","sticky":false,"template":"","format":"standard","meta":{"ngg_post_thumbnail":0},"categories":[4],"tags":[],"_links":{"self":[{"href":"http:\/\/www.linsem.cl\/index.php?rest_route=\/wp\/v2\/posts\/3797"}],"collection":[{"href":"http:\/\/www.linsem.cl\/index.php?rest_route=\/wp\/v2\/posts"}],"about":[{"href":"http:\/\/www.linsem.cl\/index.php?rest_route=\/wp\/v2\/types\/post"}],"author":[{"embeddable":true,"href":"http:\/\/www.linsem.cl\/index.php?rest_route=\/wp\/v2\/users\/2"}],"replies":[{"embeddable":true,"href":"http:\/\/www.linsem.cl\/index.php?rest_route=%2Fwp%2Fv2%2Fcomments&post=3797"}],"version-history":[{"count":1,"href":"http:\/\/www.linsem.cl\/index.php?rest_route=\/wp\/v2\/posts\/3797\/revisions"}],"predecessor-version":[{"id":3798,"href":"http:\/\/www.linsem.cl\/index.php?rest_route=\/wp\/v2\/posts\/3797\/revisions\/3798"}],"wp:featuredmedia":[{"embeddable":true,"href":"http:\/\/www.linsem.cl\/index.php?rest_route=\/wp\/v2\/media\/2672"}],"wp:attachment":[{"href":"http:\/\/www.linsem.cl\/index.php?rest_route=%2Fwp%2Fv2%2Fmedia&parent=3797"}],"wp:term":[{"taxonomy":"category","embeddable":true,"href":"http:\/\/www.linsem.cl\/index.php?rest_route=%2Fwp%2Fv2%2Fcategories&post=3797"},{"taxonomy":"post_tag","embeddable":true,"href":"http:\/\/www.linsem.cl\/index.php?rest_route=%2Fwp%2Fv2%2Ftags&post=3797"}],"curies":[{"name":"wp","href":"https:\/\/api.w.org\/{rel}","templated":true}]}}