{"id":3830,"date":"2023-06-20T16:01:33","date_gmt":"2023-06-20T16:01:33","guid":{"rendered":"https:\/\/www.linsem.cl\/?p=3830"},"modified":"2023-06-20T16:02:43","modified_gmt":"2023-06-20T16:02:43","slug":"3830","status":"publish","type":"post","link":"http:\/\/www.linsem.cl\/?p=3830","title":{"rendered":"Misa inicio mes de Madre Theresa de Jes\u00fas Bacq 2023."},"content":{"rendered":"<p>Misa inicio mes de Madre Theresa de Jes\u00fas Bacq<\/p>\n<p>El 1 de junio de 1896 fallece en Par\u00eds Madre Theresa de Jes\u00fas Bacq, fundadora de las Hermanas de Nuestra Se\u00f1ora de la Merced, congregaci\u00f3n que conduce nuestro colegio desde 1959.<\/p>\n<p>Madre Theresa, desde siempre cont\u00f3 con una mente curiosa y un alma noble, busc\u00f3 y encontr\u00f3 a Cristo en el divino sacramento de la comuni\u00f3n, se acerc\u00f3 a \u00c9l y no se alej\u00f3 jam\u00e1s de su lado, dej\u00e1ndonos la clave para llegar a \u00c9l, \u201cA Jes\u00fas por Mar\u00eda\u201d.<\/p>\n<p>La congregaci\u00f3n y este colegio le deben su carisma, entrega y trabajo, que aseguran valores y energ\u00eda para el porvenir, en este mes dedicado su vida s\u00f3lo nos queda decir: Sierva Madre Theresa de Jes\u00fas Bacq, ruega por nosotros.<\/p>\n<p><a data-flickr-embed=\"true\" data-header=\"true\" data-footer=\"true\" href=\"https:\/\/www.flickr.com\/photos\/liceonuestraseoradelamerced\/albums\/72177720309196125\" title=\"Linsem-Misa inicio mes de Madre Theresa de Jes\u00fas Bacq 2023\"><img loading=\"lazy\" src=\"https:\/\/live.staticflickr.com\/65535\/52988337952_b44f81fe7f_n.jpg\" width=\"320\" height=\"240\" alt=\"Linsem-Misa inicio mes de Madre Theresa de Jes\u00fas Bacq 2023\"\/><\/a><script async src=\"\/\/embedr.flickr.com\/assets\/client-code.js\" charset=\"utf-8\"><\/script>&nbsp;<\/p>\n","protected":false},"excerpt":{"rendered":"<p>Misa inicio mes de Madre Theresa de Jes\u00fas Bacq El 1 de junio de 1896 fallece en Par\u00eds Madre Theresa de Jes\u00fas Bacq, fundadora de las Hermanas de Nuestra Se\u00f1ora de la Merced, congregaci\u00f3n que conduce nuestro colegio desde 1959. Madre Theresa, desde siempre cont\u00f3 con una mente curiosa y un alma noble, busc\u00f3 y<a href=\"http:\/\/www.linsem.cl\/?p=3830\">[&#8230;]<\/a><\/p>\n","protected":false},"author":2,"featured_media":3515,"comment_status":"closed","ping_status":"open","sticky":false,"template":"","format":"standard","meta":{"ngg_post_thumbnail":0},"categories":[4],"tags":[],"_links":{"self":[{"href":"http:\/\/www.linsem.cl\/index.php?rest_route=\/wp\/v2\/posts\/3830"}],"collection":[{"href":"http:\/\/www.linsem.cl\/index.php?rest_route=\/wp\/v2\/posts"}],"about":[{"href":"http:\/\/www.linsem.cl\/index.php?rest_route=\/wp\/v2\/types\/post"}],"author":[{"embeddable":true,"href":"http:\/\/www.linsem.cl\/index.php?rest_route=\/wp\/v2\/users\/2"}],"replies":[{"embeddable":true,"href":"http:\/\/www.linsem.cl\/index.php?rest_route=%2Fwp%2Fv2%2Fcomments&post=3830"}],"version-history":[{"count":3,"href":"http:\/\/www.linsem.cl\/index.php?rest_route=\/wp\/v2\/posts\/3830\/revisions"}],"predecessor-version":[{"id":3833,"href":"http:\/\/www.linsem.cl\/index.php?rest_route=\/wp\/v2\/posts\/3830\/revisions\/3833"}],"wp:featuredmedia":[{"embeddable":true,"href":"http:\/\/www.linsem.cl\/index.php?rest_route=\/wp\/v2\/media\/3515"}],"wp:attachment":[{"href":"http:\/\/www.linsem.cl\/index.php?rest_route=%2Fwp%2Fv2%2Fmedia&parent=3830"}],"wp:term":[{"taxonomy":"category","embeddable":true,"href":"http:\/\/www.linsem.cl\/index.php?rest_route=%2Fwp%2Fv2%2Fcategories&post=3830"},{"taxonomy":"post_tag","embeddable":true,"href":"http:\/\/www.linsem.cl\/index.php?rest_route=%2Fwp%2Fv2%2Ftags&post=3830"}],"curies":[{"name":"wp","href":"https:\/\/api.w.org\/{rel}","templated":true}]}}