{"id":3853,"date":"2023-08-08T14:37:55","date_gmt":"2023-08-08T14:37:55","guid":{"rendered":"https:\/\/www.linsem.cl\/?p=3853"},"modified":"2023-08-08T14:37:55","modified_gmt":"2023-08-08T14:37:55","slug":"cumpleanos-madre-directora-2","status":"publish","type":"post","link":"http:\/\/www.linsem.cl\/?p=3853","title":{"rendered":"Cumplea\u00f1os madre directora"},"content":{"rendered":"<p>Celebrarnos nos hace bien, nos alegra, nos hace m\u00e1s comunidad, nos ayuda a acercarnos a la meta de ser y vivir como una gran familia mercedaria.<\/p>\n<p>En esta ocasi\u00f3n, es nuestra directora, Sor Estela Barraza Castro, quien es saludada por la comunidad con una misa, motivo de su cumplea\u00f1os. Como es tradici\u00f3n, las religiosas festejan el onom\u00e1stico, seg\u00fan el santoral, sin embargo, en el caso de nuestra directora, tal fecha coincide con actividades del D\u00eda del Alumno, por lo tanto, no quisimos perder la oportunidad de demostrarle nuestro cari\u00f1o, respeto y gratitud en su cumplea\u00f1os.<\/p>\n<p>Es habitual en los colegios de la congregaci\u00f3n, dedicar un d\u00eda a nuestras directoras, para devolver un poco de todo el cari\u00f1o que ellas nos entregan con sus gestiones.<\/p>\n<p>Muchas felicidades Sor Estela y que sean muchos a\u00f1os m\u00e1s de humilde servicio hac\u00eda el Se\u00f1or a trav\u00e9s e Mar\u00eda.<\/p>\n<p><a title=\"Linsem- Cumplea\u00f1os Madre Directora 2023.\" href=\"https:\/\/www.flickr.com\/photos\/liceonuestraseoradelamerced\/albums\/72177720310354254\" data-flickr-embed=\"true\" data-header=\"true\" data-footer=\"true\"><img loading=\"lazy\" src=\"https:\/\/live.staticflickr.com\/65535\/53102639545_c6c312eed8_n.jpg\" alt=\"Linsem- Cumplea\u00f1os Madre Directora 2023.\" width=\"320\" height=\"240\"><\/a><script async=\"\" src=\"\/\/embedr.flickr.com\/assets\/client-code.js\" charset=\"utf-8\"><\/script><\/p>\n","protected":false},"excerpt":{"rendered":"<p>Celebrarnos nos hace bien, nos alegra, nos hace m\u00e1s comunidad, nos ayuda a acercarnos a la meta de ser y vivir como una gran familia mercedaria. En esta ocasi\u00f3n, es nuestra directora, Sor Estela Barraza Castro, quien es saludada por la comunidad con una misa, motivo de su cumplea\u00f1os. Como es tradici\u00f3n, las religiosas festejan<a href=\"http:\/\/www.linsem.cl\/?p=3853\">[&#8230;]<\/a><\/p>\n","protected":false},"author":2,"featured_media":3389,"comment_status":"closed","ping_status":"open","sticky":false,"template":"","format":"standard","meta":{"ngg_post_thumbnail":0},"categories":[4],"tags":[],"_links":{"self":[{"href":"http:\/\/www.linsem.cl\/index.php?rest_route=\/wp\/v2\/posts\/3853"}],"collection":[{"href":"http:\/\/www.linsem.cl\/index.php?rest_route=\/wp\/v2\/posts"}],"about":[{"href":"http:\/\/www.linsem.cl\/index.php?rest_route=\/wp\/v2\/types\/post"}],"author":[{"embeddable":true,"href":"http:\/\/www.linsem.cl\/index.php?rest_route=\/wp\/v2\/users\/2"}],"replies":[{"embeddable":true,"href":"http:\/\/www.linsem.cl\/index.php?rest_route=%2Fwp%2Fv2%2Fcomments&post=3853"}],"version-history":[{"count":3,"href":"http:\/\/www.linsem.cl\/index.php?rest_route=\/wp\/v2\/posts\/3853\/revisions"}],"predecessor-version":[{"id":3856,"href":"http:\/\/www.linsem.cl\/index.php?rest_route=\/wp\/v2\/posts\/3853\/revisions\/3856"}],"wp:featuredmedia":[{"embeddable":true,"href":"http:\/\/www.linsem.cl\/index.php?rest_route=\/wp\/v2\/media\/3389"}],"wp:attachment":[{"href":"http:\/\/www.linsem.cl\/index.php?rest_route=%2Fwp%2Fv2%2Fmedia&parent=3853"}],"wp:term":[{"taxonomy":"category","embeddable":true,"href":"http:\/\/www.linsem.cl\/index.php?rest_route=%2Fwp%2Fv2%2Fcategories&post=3853"},{"taxonomy":"post_tag","embeddable":true,"href":"http:\/\/www.linsem.cl\/index.php?rest_route=%2Fwp%2Fv2%2Ftags&post=3853"}],"curies":[{"name":"wp","href":"https:\/\/api.w.org\/{rel}","templated":true}]}}