{"id":3864,"date":"2023-09-06T20:32:38","date_gmt":"2023-09-06T20:32:38","guid":{"rendered":"https:\/\/www.linsem.cl\/?p=3864"},"modified":"2023-09-06T20:32:38","modified_gmt":"2023-09-06T20:32:38","slug":"mes-solidaridad-2023","status":"publish","type":"post","link":"http:\/\/www.linsem.cl\/?p=3864","title":{"rendered":"Mes Solidaridad 2023."},"content":{"rendered":"<p>Llega agosto y como es tradici\u00f3n, comenzamos con las campa\u00f1as de ayuda a nuestro pr\u00f3jimo, esa ense\u00f1anza nos dej\u00f3 una persona muy importante para nuestro pa\u00eds, una persona que cambi\u00f3 Chile, transform\u00e1ndolo en un lugar mejor para vivir, un lugar m\u00e1s amable y con m\u00e1s coraz\u00f3n.<br \/>\nNos referimos al padre Hurtado, sacerdote que dio su vida para atender las necesidades de los m\u00e1s despose\u00eddos de su tiempo, en los que vio el rostro de Cristo, del Cristo que sufre.<br \/>\nLuis Alberto Miguel Hurtado Cruchaga, naci\u00f3 en Vi\u00f1a del Mar el 22 de enero de 1901, fue un abogado, sindicalista y sacerdote jesuita chileno. Fue popularmente conocido por ser el fundador del Hogar de Cristo. Es considerado el patrono de los trabajadores en Chile. Muri\u00f3 en Santiago el 18 de agosto de 1952.<br \/>\nFue beatificado por el papa Juan Pablo II en 1994 y posteriormente canonizado por el papa Benedicto XVI en 2005, convirti\u00e9ndose en la segunda persona nacida en Chile (despu\u00e9s de santa Teresa de Los Andes) en ser elevada a los altares. Su fiesta se celebra el 18 de agosto (conmemorando el d\u00eda de su fallecimiento).<br \/>\nEs por lo anterior que llegado agosto, sabemos que es momento de ponernos la mano en el coraz\u00f3n, este a\u00f1o, fueron los m\u00e1s peque\u00f1os de nuestro colegio los encargados de inaugurar este mes de la solidaridad. La reflexi\u00f3n siempre ser\u00e1: Que este esp\u00edritu solidario no nos dure s\u00f3lo por agosto, sino que nos acompa\u00f1e todo el a\u00f1o.<\/p>\n<p>&nbsp;<\/p>\n<p><a title=\"Linsem-Mes Solidaridad 2023.\" href=\"https:\/\/www.flickr.com\/photos\/liceonuestraseoradelamerced\/albums\/72177720311007337\" data-flickr-embed=\"true\" data-header=\"true\" data-footer=\"true\"><img loading=\"lazy\" src=\"https:\/\/live.staticflickr.com\/65535\/53169184774_1587565c9f_n.jpg\" alt=\"Linsem-Mes Solidaridad 2023.\" width=\"320\" height=\"240\"><\/a><script async=\"\" src=\"\/\/embedr.flickr.com\/assets\/client-code.js\" charset=\"utf-8\"><\/script><br \/>\n&nbsp;<\/p>\n","protected":false},"excerpt":{"rendered":"<p>Llega agosto y como es tradici\u00f3n, comenzamos con las campa\u00f1as de ayuda a nuestro pr\u00f3jimo, esa ense\u00f1anza nos dej\u00f3 una persona muy importante para nuestro pa\u00eds, una persona que cambi\u00f3 Chile, transform\u00e1ndolo en un lugar mejor para vivir, un lugar m\u00e1s amable y con m\u00e1s coraz\u00f3n. Nos referimos al padre Hurtado, sacerdote que dio su<a href=\"http:\/\/www.linsem.cl\/?p=3864\">[&#8230;]<\/a><\/p>\n","protected":false},"author":2,"featured_media":3865,"comment_status":"closed","ping_status":"open","sticky":false,"template":"","format":"standard","meta":{"ngg_post_thumbnail":0},"categories":[4],"tags":[],"_links":{"self":[{"href":"http:\/\/www.linsem.cl\/index.php?rest_route=\/wp\/v2\/posts\/3864"}],"collection":[{"href":"http:\/\/www.linsem.cl\/index.php?rest_route=\/wp\/v2\/posts"}],"about":[{"href":"http:\/\/www.linsem.cl\/index.php?rest_route=\/wp\/v2\/types\/post"}],"author":[{"embeddable":true,"href":"http:\/\/www.linsem.cl\/index.php?rest_route=\/wp\/v2\/users\/2"}],"replies":[{"embeddable":true,"href":"http:\/\/www.linsem.cl\/index.php?rest_route=%2Fwp%2Fv2%2Fcomments&post=3864"}],"version-history":[{"count":1,"href":"http:\/\/www.linsem.cl\/index.php?rest_route=\/wp\/v2\/posts\/3864\/revisions"}],"predecessor-version":[{"id":3866,"href":"http:\/\/www.linsem.cl\/index.php?rest_route=\/wp\/v2\/posts\/3864\/revisions\/3866"}],"wp:featuredmedia":[{"embeddable":true,"href":"http:\/\/www.linsem.cl\/index.php?rest_route=\/wp\/v2\/media\/3865"}],"wp:attachment":[{"href":"http:\/\/www.linsem.cl\/index.php?rest_route=%2Fwp%2Fv2%2Fmedia&parent=3864"}],"wp:term":[{"taxonomy":"category","embeddable":true,"href":"http:\/\/www.linsem.cl\/index.php?rest_route=%2Fwp%2Fv2%2Fcategories&post=3864"},{"taxonomy":"post_tag","embeddable":true,"href":"http:\/\/www.linsem.cl\/index.php?rest_route=%2Fwp%2Fv2%2Ftags&post=3864"}],"curies":[{"name":"wp","href":"https:\/\/api.w.org\/{rel}","templated":true}]}}