{"id":3867,"date":"2023-09-06T20:36:40","date_gmt":"2023-09-06T20:36:40","guid":{"rendered":"https:\/\/www.linsem.cl\/?p=3867"},"modified":"2023-09-06T20:44:20","modified_gmt":"2023-09-06T20:44:20","slug":"dia-de-la-educacion-tecnico-profesional-2023","status":"publish","type":"post","link":"http:\/\/www.linsem.cl\/?p=3867","title":{"rendered":"D\u00eda de la Educaci\u00f3n T\u00e9cnico Profesional 2023."},"content":{"rendered":"<p>Este a\u00f1o se cumplieron 81 a\u00f1os desde que el Presidente Juan Antonio R\u00edos reconoci\u00f3 la importancia de la Educaci\u00f3n T\u00e9cnica en el desarrollo productivo del pa\u00eds, a trav\u00e9s de la creaci\u00f3n de la Direcci\u00f3n General de Ense\u00f1anza Profesional, lo que ocurri\u00f3 el 26 de agosto de 1942. Luego, en 1947 se fund\u00f3 la Universidad T\u00e9cnica del Estado (actual USACH), que agrup\u00f3 la formaci\u00f3n t\u00e9cnica antes ofrecida por las escuelas de Artes y Oficios.<br \/>\nEn 1965, el Presidente Eduardo Frei Montalva restructur\u00f3 el sistema educativo; junto a los 8 a\u00f1os de Educaci\u00f3n B\u00e1sica, cre\u00f3 la Educaci\u00f3n Media T\u00e9cnico-Profesional. En los 5 a\u00f1os posteriores se crearon las primeras instituciones de Educaci\u00f3n Superior T\u00e9cnico-Profesional: el Instituto Nacional de Capacitaci\u00f3n (INACAP) y la Direcci\u00f3n Universitaria Obrera y Campesina de la Universidad Cat\u00f3lica (DUOC UC).<br \/>\nPor nuestra parte, nos vestimos de gala para festejar una de las caracter\u00edsticas m\u00e1s robustas de nuestra instituci\u00f3n educativa, el \u00e1rea TP. Muchas felicidades a todos nuestros estudiantes, regulares y egresados, que hacen de nuestro liceo un lugar \u00fanico para desarrollarse de manera transversal.<\/p>\n<p><a title=\"Linsem-D\u00eda de la Educaci\u00f3n T\u00e9cnico Profesional 2023.\" href=\"https:\/\/www.flickr.com\/photos\/liceonuestraseoradelamerced\/albums\/72177720311006951\" data-flickr-embed=\"true\" data-header=\"true\" data-footer=\"true\"><img loading=\"lazy\" src=\"https:\/\/live.staticflickr.com\/65535\/53168429132_bca134b070_n.jpg\" alt=\"Linsem-D\u00eda de la Educaci\u00f3n T\u00e9cnico Profesional 2023.\" width=\"320\" height=\"240\"><\/a><script async=\"\" src=\"\/\/embedr.flickr.com\/assets\/client-code.js\" charset=\"utf-8\"><\/script><br \/>\n&nbsp;<\/p>\n","protected":false},"excerpt":{"rendered":"<p>Este a\u00f1o se cumplieron 81 a\u00f1os desde que el Presidente Juan Antonio R\u00edos reconoci\u00f3 la importancia de la Educaci\u00f3n T\u00e9cnica en el desarrollo productivo del pa\u00eds, a trav\u00e9s de la creaci\u00f3n de la Direcci\u00f3n General de Ense\u00f1anza Profesional, lo que ocurri\u00f3 el 26 de agosto de 1942. Luego, en 1947 se fund\u00f3 la Universidad T\u00e9cnica<a href=\"http:\/\/www.linsem.cl\/?p=3867\">[&#8230;]<\/a><\/p>\n","protected":false},"author":2,"featured_media":3872,"comment_status":"closed","ping_status":"open","sticky":false,"template":"","format":"standard","meta":{"ngg_post_thumbnail":0},"categories":[4],"tags":[],"_links":{"self":[{"href":"http:\/\/www.linsem.cl\/index.php?rest_route=\/wp\/v2\/posts\/3867"}],"collection":[{"href":"http:\/\/www.linsem.cl\/index.php?rest_route=\/wp\/v2\/posts"}],"about":[{"href":"http:\/\/www.linsem.cl\/index.php?rest_route=\/wp\/v2\/types\/post"}],"author":[{"embeddable":true,"href":"http:\/\/www.linsem.cl\/index.php?rest_route=\/wp\/v2\/users\/2"}],"replies":[{"embeddable":true,"href":"http:\/\/www.linsem.cl\/index.php?rest_route=%2Fwp%2Fv2%2Fcomments&post=3867"}],"version-history":[{"count":1,"href":"http:\/\/www.linsem.cl\/index.php?rest_route=\/wp\/v2\/posts\/3867\/revisions"}],"predecessor-version":[{"id":3869,"href":"http:\/\/www.linsem.cl\/index.php?rest_route=\/wp\/v2\/posts\/3867\/revisions\/3869"}],"wp:featuredmedia":[{"embeddable":true,"href":"http:\/\/www.linsem.cl\/index.php?rest_route=\/wp\/v2\/media\/3872"}],"wp:attachment":[{"href":"http:\/\/www.linsem.cl\/index.php?rest_route=%2Fwp%2Fv2%2Fmedia&parent=3867"}],"wp:term":[{"taxonomy":"category","embeddable":true,"href":"http:\/\/www.linsem.cl\/index.php?rest_route=%2Fwp%2Fv2%2Fcategories&post=3867"},{"taxonomy":"post_tag","embeddable":true,"href":"http:\/\/www.linsem.cl\/index.php?rest_route=%2Fwp%2Fv2%2Ftags&post=3867"}],"curies":[{"name":"wp","href":"https:\/\/api.w.org\/{rel}","templated":true}]}}