{"id":3870,"date":"2023-09-06T20:41:57","date_gmt":"2023-09-06T20:41:57","guid":{"rendered":"https:\/\/www.linsem.cl\/?p=3870"},"modified":"2023-09-06T20:41:57","modified_gmt":"2023-09-06T20:41:57","slug":"cierre-mes-de-madre-theresa-2023","status":"publish","type":"post","link":"http:\/\/www.linsem.cl\/?p=3870","title":{"rendered":"Cierre mes de Madre Theresa 2023."},"content":{"rendered":"<p>El mayor legado de Madre Theresa es su incondicional amor a la Virgen Mar\u00eda, como camino de salvaci\u00f3n, ya que Mar\u00eda siempre nos llevar\u00e1 a su divino hijo.<br \/>\nPara esta ocasi\u00f3n, quisimos preparar a modo de recorrido, las \u201ctienditas de Madre Theresa\u201d, que nos trasladaron por los 4 continentes en los que la congregaci\u00f3n que form\u00f3 tiene presencia.<br \/>\nMadre Theresa vive en el trabajo de sus hermanas e hijas en la fe, miembros de su congregaci\u00f3n que esparcen la semilla de la salvaci\u00f3n que alguna vez madre Theresa so\u00f1\u00f3.<\/p>\n<p><a title=\"Linsem-Cierre mes de Madre Theresa 2023\" href=\"https:\/\/www.flickr.com\/photos\/liceonuestraseoradelamerced\/albums\/72177720311003405\" data-flickr-embed=\"true\" data-header=\"true\" data-footer=\"true\"><img loading=\"lazy\" src=\"https:\/\/live.staticflickr.com\/65535\/53169500425_89f1996c01_n.jpg\" alt=\"Linsem-Cierre mes de Madre Theresa 2023\" width=\"320\" height=\"240\"><\/a><script async=\"\" src=\"\/\/embedr.flickr.com\/assets\/client-code.js\" charset=\"utf-8\"><\/script><br \/>\n&nbsp;<\/p>\n<p>Cierre mes de Madre Theresa<br \/>\n(P\u00e1rvulos y ense\u00f1anza b\u00e1sica)<\/p>\n<p>La historia de nuestro liceo es el sue\u00f1o de una valiente mujer, que incansablemente luch\u00f3 por salvar almas acerc\u00e1ndolas a Cristo, su f\u00f3rmula era sencilla pero contundente: A Jes\u00fas por Mar\u00eda.<br \/>\nYa cerrando las celebraciones por el mes de Madre Theresa, es que quisimos rendir honores a su vida, rememorando a trav\u00e9s de representaciones los momentos m\u00e1s importantes de su vida. Para tal efecto, reunimos los mejores actores de nuestro liceo, con el fin de concretar esta maravillosa obra, relatar la vida de nuestra noble fundadora.<\/p>\n<p>&nbsp;<br \/>\n<a title=\"Linsem-Cierre mes Madre Theresa II 2023.\" href=\"https:\/\/www.flickr.com\/photos\/liceonuestraseoradelamerced\/albums\/72177720311008312\" data-flickr-embed=\"true\" data-header=\"true\" data-footer=\"true\"><img loading=\"lazy\" src=\"https:\/\/live.staticflickr.com\/65535\/53169578723_12c4686496_n.jpg\" alt=\"Linsem-Cierre mes Madre Theresa II 2023.\" width=\"320\" height=\"240\"><\/a><script async=\"\" src=\"\/\/embedr.flickr.com\/assets\/client-code.js\" charset=\"utf-8\"><\/script><\/p>\n","protected":false},"excerpt":{"rendered":"<p>El mayor legado de Madre Theresa es su incondicional amor a la Virgen Mar\u00eda, como camino de salvaci\u00f3n, ya que Mar\u00eda siempre nos llevar\u00e1 a su divino hijo. Para esta ocasi\u00f3n, quisimos preparar a modo de recorrido, las \u201ctienditas de Madre Theresa\u201d, que nos trasladaron por los 4 continentes en los que la congregaci\u00f3n que<a href=\"http:\/\/www.linsem.cl\/?p=3870\">[&#8230;]<\/a><\/p>\n","protected":false},"author":2,"featured_media":2989,"comment_status":"closed","ping_status":"open","sticky":false,"template":"","format":"standard","meta":{"ngg_post_thumbnail":0},"categories":[4],"tags":[],"_links":{"self":[{"href":"http:\/\/www.linsem.cl\/index.php?rest_route=\/wp\/v2\/posts\/3870"}],"collection":[{"href":"http:\/\/www.linsem.cl\/index.php?rest_route=\/wp\/v2\/posts"}],"about":[{"href":"http:\/\/www.linsem.cl\/index.php?rest_route=\/wp\/v2\/types\/post"}],"author":[{"embeddable":true,"href":"http:\/\/www.linsem.cl\/index.php?rest_route=\/wp\/v2\/users\/2"}],"replies":[{"embeddable":true,"href":"http:\/\/www.linsem.cl\/index.php?rest_route=%2Fwp%2Fv2%2Fcomments&post=3870"}],"version-history":[{"count":1,"href":"http:\/\/www.linsem.cl\/index.php?rest_route=\/wp\/v2\/posts\/3870\/revisions"}],"predecessor-version":[{"id":3871,"href":"http:\/\/www.linsem.cl\/index.php?rest_route=\/wp\/v2\/posts\/3870\/revisions\/3871"}],"wp:featuredmedia":[{"embeddable":true,"href":"http:\/\/www.linsem.cl\/index.php?rest_route=\/wp\/v2\/media\/2989"}],"wp:attachment":[{"href":"http:\/\/www.linsem.cl\/index.php?rest_route=%2Fwp%2Fv2%2Fmedia&parent=3870"}],"wp:term":[{"taxonomy":"category","embeddable":true,"href":"http:\/\/www.linsem.cl\/index.php?rest_route=%2Fwp%2Fv2%2Fcategories&post=3870"},{"taxonomy":"post_tag","embeddable":true,"href":"http:\/\/www.linsem.cl\/index.php?rest_route=%2Fwp%2Fv2%2Ftags&post=3870"}],"curies":[{"name":"wp","href":"https:\/\/api.w.org\/{rel}","templated":true}]}}