{"id":3876,"date":"2023-09-14T12:27:09","date_gmt":"2023-09-14T12:27:09","guid":{"rendered":"https:\/\/www.linsem.cl\/?p=3876"},"modified":"2023-09-14T12:27:09","modified_gmt":"2023-09-14T12:27:09","slug":"cafe-literario-2023","status":"publish","type":"post","link":"http:\/\/www.linsem.cl\/?p=3876","title":{"rendered":"Caf\u00e9 Literario 2023"},"content":{"rendered":"<p>El mundo de las letras no es plano, aburrido y lejano, el mundo de las letras es m\u00e1gico, realmente un libro es m\u00e1s parecido a una nave espacial que a cualquier otra cosa, nos transporta a mundo extra\u00f1os y lejanos, que pueden ser amigables u hostiles, pero siempre maravillosos.<br \/>\nNuestro liceo se complace en presentar para toda la comunidad, nuestro primer Caf\u00e9 Literario, instancia que sirve de vitrina para exponer todos nuestros peque\u00f1os talentos, que abordan diferentes y complejas formas de expresi\u00f3n, como lo son la l\u00edrica y la dram\u00e1tica.<br \/>\nLa semilla ya est\u00e1 plantada, esperamos firmemente que cada a\u00f1o m\u00e1s estudiantes se animen a participar y mostrar todos sus talentos, dentro de este mundo tan hermoso como es el de la literatura.<\/p>\n<p><a data-flickr-embed=\"true\" data-header=\"true\" data-footer=\"true\" href=\"https:\/\/www.flickr.com\/photos\/liceonuestraseoradelamerced\/albums\/72177720311201054\" title=\"Linsem-Caf\u00e9 Literario 2023.\"><img loading=\"lazy\" src=\"https:\/\/live.staticflickr.com\/65535\/53186786444_e9802cb8d7_n.jpg\" width=\"320\" height=\"240\" alt=\"Linsem-Caf\u00e9 Literario 2023.\"\/><\/a><script async src=\"\/\/embedr.flickr.com\/assets\/client-code.js\" charset=\"utf-8\"><\/script><\/p>\n","protected":false},"excerpt":{"rendered":"<p>El mundo de las letras no es plano, aburrido y lejano, el mundo de las letras es m\u00e1gico, realmente un libro es m\u00e1s parecido a una nave espacial que a cualquier otra cosa, nos transporta a mundo extra\u00f1os y lejanos, que pueden ser amigables u hostiles, pero siempre maravillosos. Nuestro liceo se complace en presentar<a href=\"http:\/\/www.linsem.cl\/?p=3876\">[&#8230;]<\/a><\/p>\n","protected":false},"author":2,"featured_media":3877,"comment_status":"closed","ping_status":"open","sticky":false,"template":"","format":"standard","meta":{"ngg_post_thumbnail":0},"categories":[4],"tags":[],"_links":{"self":[{"href":"http:\/\/www.linsem.cl\/index.php?rest_route=\/wp\/v2\/posts\/3876"}],"collection":[{"href":"http:\/\/www.linsem.cl\/index.php?rest_route=\/wp\/v2\/posts"}],"about":[{"href":"http:\/\/www.linsem.cl\/index.php?rest_route=\/wp\/v2\/types\/post"}],"author":[{"embeddable":true,"href":"http:\/\/www.linsem.cl\/index.php?rest_route=\/wp\/v2\/users\/2"}],"replies":[{"embeddable":true,"href":"http:\/\/www.linsem.cl\/index.php?rest_route=%2Fwp%2Fv2%2Fcomments&post=3876"}],"version-history":[{"count":1,"href":"http:\/\/www.linsem.cl\/index.php?rest_route=\/wp\/v2\/posts\/3876\/revisions"}],"predecessor-version":[{"id":3878,"href":"http:\/\/www.linsem.cl\/index.php?rest_route=\/wp\/v2\/posts\/3876\/revisions\/3878"}],"wp:featuredmedia":[{"embeddable":true,"href":"http:\/\/www.linsem.cl\/index.php?rest_route=\/wp\/v2\/media\/3877"}],"wp:attachment":[{"href":"http:\/\/www.linsem.cl\/index.php?rest_route=%2Fwp%2Fv2%2Fmedia&parent=3876"}],"wp:term":[{"taxonomy":"category","embeddable":true,"href":"http:\/\/www.linsem.cl\/index.php?rest_route=%2Fwp%2Fv2%2Fcategories&post=3876"},{"taxonomy":"post_tag","embeddable":true,"href":"http:\/\/www.linsem.cl\/index.php?rest_route=%2Fwp%2Fv2%2Ftags&post=3876"}],"curies":[{"name":"wp","href":"https:\/\/api.w.org\/{rel}","templated":true}]}}