{"id":3890,"date":"2023-10-17T14:44:40","date_gmt":"2023-10-17T14:44:40","guid":{"rendered":"https:\/\/www.linsem.cl\/?p=3890"},"modified":"2023-12-14T14:15:39","modified_gmt":"2023-12-14T14:15:39","slug":"aniversario-y-gala-2023","status":"publish","type":"post","link":"http:\/\/www.linsem.cl\/?p=3890","title":{"rendered":"Aniversario y Gala 2023."},"content":{"rendered":"<p style=\"text-align: justify;\">El tan anhelado d\u00eda ha llegado, nuestro colegio cumple 64 a\u00f1os y quienes m\u00e1s celebran son los estudiantes, que, organizados en alianzas, tratan de ganar la tan ansiada corona para sus reyes, y es que la sana competencia, el compa\u00f1erismo, el esp\u00edritu deportivo y la diversi\u00f3n se toman nuestro gimnasio, para demostrar toda la capacidad de nuestros queridos estudiantes.<br \/>\nUn a\u00f1o m\u00e1s cargado de emociones y momentos inolvidables, que nos hace recordar por que la etapa escolar es una de las m\u00e1s bellas de la vida.<br \/>\nFelicidades a todos los que somos parte de esta hermosa comunidad educativa, que una vez m\u00e1s celebra su aniversario en grande.<\/p>\n<p><a title=\"Linsem-Aniversario 2023.\" href=\"https:\/\/www.flickr.com\/photos\/liceonuestraseoradelamerced\/albums\/72177720312009579\" data-flickr-embed=\"true\" data-header=\"true\" data-footer=\"true\"><img loading=\"lazy\" src=\"https:\/\/live.staticflickr.com\/65535\/53264218417_68d87a8dbc_n.jpg\" alt=\"Linsem-Aniversario 2023.\" width=\"320\" height=\"240\"><\/a><script async=\"\" src=\"\/\/embedr.flickr.com\/assets\/client-code.js\" charset=\"utf-8\"><\/script><\/p>\n<p>Gala 2023.<\/p>\n<p>Como ya es costumbre, para terminar una semana cargada de sorpresas y<br \/>\nemociones, cerramos con nuestra gala, instancia llena de momentos alegres,<br \/>\nemotivos y emocionantes, que nos regalan una instancia m\u00e1s para compartir y<br \/>\ndisfrutar.<br \/>\nEn esta ocasi\u00f3n nuestros estudiantes derrocharon glamour y elegancia, en una<br \/>\nmuestra sin igual de una faceta que no se ve todos los d\u00edas.<br \/>\nDejamos atr\u00e1s nuestro aniversario n\u00famero 64 mirando hacia el futuro, con<br \/>\nnuestro pecho lleno de buenos momentos, aprendizajes y nuevas amistades.<\/p>\n<p><a title=\"Linsem-Gala 2023.\" href=\"https:\/\/www.flickr.com\/photos\/liceonuestraseoradelamerced\/albums\/72177720311987067\" data-flickr-embed=\"true\" data-header=\"true\" data-footer=\"true\"><img loading=\"lazy\" src=\"https:\/\/live.staticflickr.com\/65535\/53264257827_2a2470e225_n.jpg\" alt=\"Linsem-Gala 2023.\" width=\"320\" height=\"240\"><\/a><script async=\"\" src=\"\/\/embedr.flickr.com\/assets\/client-code.js\" charset=\"utf-8\"><\/script><\/p>\n","protected":false},"excerpt":{"rendered":"<p>El tan anhelado d\u00eda ha llegado, nuestro colegio cumple 64 a\u00f1os y quienes m\u00e1s celebran son los estudiantes, que, organizados en alianzas, tratan de ganar la tan ansiada corona para sus reyes, y es que la sana competencia, el compa\u00f1erismo, el esp\u00edritu deportivo y la diversi\u00f3n se toman nuestro gimnasio, para demostrar toda la capacidad<a href=\"http:\/\/www.linsem.cl\/?p=3890\">[&#8230;]<\/a><\/p>\n","protected":false},"author":2,"featured_media":2727,"comment_status":"closed","ping_status":"open","sticky":false,"template":"","format":"standard","meta":{"ngg_post_thumbnail":0},"categories":[4],"tags":[],"_links":{"self":[{"href":"http:\/\/www.linsem.cl\/index.php?rest_route=\/wp\/v2\/posts\/3890"}],"collection":[{"href":"http:\/\/www.linsem.cl\/index.php?rest_route=\/wp\/v2\/posts"}],"about":[{"href":"http:\/\/www.linsem.cl\/index.php?rest_route=\/wp\/v2\/types\/post"}],"author":[{"embeddable":true,"href":"http:\/\/www.linsem.cl\/index.php?rest_route=\/wp\/v2\/users\/2"}],"replies":[{"embeddable":true,"href":"http:\/\/www.linsem.cl\/index.php?rest_route=%2Fwp%2Fv2%2Fcomments&post=3890"}],"version-history":[{"count":3,"href":"http:\/\/www.linsem.cl\/index.php?rest_route=\/wp\/v2\/posts\/3890\/revisions"}],"predecessor-version":[{"id":3959,"href":"http:\/\/www.linsem.cl\/index.php?rest_route=\/wp\/v2\/posts\/3890\/revisions\/3959"}],"wp:featuredmedia":[{"embeddable":true,"href":"http:\/\/www.linsem.cl\/index.php?rest_route=\/wp\/v2\/media\/2727"}],"wp:attachment":[{"href":"http:\/\/www.linsem.cl\/index.php?rest_route=%2Fwp%2Fv2%2Fmedia&parent=3890"}],"wp:term":[{"taxonomy":"category","embeddable":true,"href":"http:\/\/www.linsem.cl\/index.php?rest_route=%2Fwp%2Fv2%2Fcategories&post=3890"},{"taxonomy":"post_tag","embeddable":true,"href":"http:\/\/www.linsem.cl\/index.php?rest_route=%2Fwp%2Fv2%2Ftags&post=3890"}],"curies":[{"name":"wp","href":"https:\/\/api.w.org\/{rel}","templated":true}]}}