{"id":3895,"date":"2023-10-17T14:55:36","date_gmt":"2023-10-17T14:55:36","guid":{"rendered":"https:\/\/www.linsem.cl\/?p=3895"},"modified":"2023-12-14T14:18:17","modified_gmt":"2023-12-14T14:18:17","slug":"caravana-mercedaria-2023","status":"publish","type":"post","link":"http:\/\/www.linsem.cl\/?p=3895","title":{"rendered":"Caravana Mercedaria 2023."},"content":{"rendered":"<p style=\"text-align: justify;\">Finaliza Septiembre y como es costumbre llega una fecha muy importante para todos nosotros, el d\u00eda de la Virgen de la Merced, cuya devoci\u00f3n es la que mueve a toda esta comunidad educativa.<br \/>\nLa celebraci\u00f3n de esta fecha se remonta a 1218, cuando la mism\u00edsima Virgen Mar\u00eda se le aparece en sue\u00f1o a Pedro Nolasco, quien posteriormente se convertir\u00e1 en santo, por seguir los designios de nuestra se\u00f1ora, quien al hablarle a Pedro lo hace bajo el nombre de La Virgen de la Misericordia o Merced.<br \/>\nPara nosotros tambi\u00e9n cobra relevancia esta fecha, ya que cada 24 de septiembre en honor a la Virgen, nuestras religiosas renuevan sus votos y nosotros, nos preparamos para celebrar nuestro aniversario, en esta ocasi\u00f3n, partimos las celebraciones con una gran caravana que recorri\u00f3 nuestra comuna, en honor a la Virgen Mar\u00eda y todo lo que nos inspira.<\/p>\n<p><a title=\"Linsem-Caravana Mercedaria 2023.\" href=\"https:\/\/www.flickr.com\/photos\/liceonuestraseoradelamerced\/albums\/72177720311987347\" data-flickr-embed=\"true\" data-header=\"true\" data-footer=\"true\"><img loading=\"lazy\" src=\"https:\/\/live.staticflickr.com\/65535\/53265164346_5da88791b4_n.jpg\" alt=\"Linsem-Caravana Mercedaria 2023.\" width=\"320\" height=\"240\"><\/a><script async=\"\" src=\"\/\/embedr.flickr.com\/assets\/client-code.js\" charset=\"utf-8\"><\/script><\/p>\n","protected":false},"excerpt":{"rendered":"<p>Finaliza Septiembre y como es costumbre llega una fecha muy importante para todos nosotros, el d\u00eda de la Virgen de la Merced, cuya devoci\u00f3n es la que mueve a toda esta comunidad educativa. La celebraci\u00f3n de esta fecha se remonta a 1218, cuando la mism\u00edsima Virgen Mar\u00eda se le aparece en sue\u00f1o a Pedro Nolasco,<a href=\"http:\/\/www.linsem.cl\/?p=3895\">[&#8230;]<\/a><\/p>\n","protected":false},"author":2,"featured_media":3060,"comment_status":"closed","ping_status":"open","sticky":false,"template":"","format":"standard","meta":{"ngg_post_thumbnail":0},"categories":[4],"tags":[],"_links":{"self":[{"href":"http:\/\/www.linsem.cl\/index.php?rest_route=\/wp\/v2\/posts\/3895"}],"collection":[{"href":"http:\/\/www.linsem.cl\/index.php?rest_route=\/wp\/v2\/posts"}],"about":[{"href":"http:\/\/www.linsem.cl\/index.php?rest_route=\/wp\/v2\/types\/post"}],"author":[{"embeddable":true,"href":"http:\/\/www.linsem.cl\/index.php?rest_route=\/wp\/v2\/users\/2"}],"replies":[{"embeddable":true,"href":"http:\/\/www.linsem.cl\/index.php?rest_route=%2Fwp%2Fv2%2Fcomments&post=3895"}],"version-history":[{"count":2,"href":"http:\/\/www.linsem.cl\/index.php?rest_route=\/wp\/v2\/posts\/3895\/revisions"}],"predecessor-version":[{"id":3960,"href":"http:\/\/www.linsem.cl\/index.php?rest_route=\/wp\/v2\/posts\/3895\/revisions\/3960"}],"wp:featuredmedia":[{"embeddable":true,"href":"http:\/\/www.linsem.cl\/index.php?rest_route=\/wp\/v2\/media\/3060"}],"wp:attachment":[{"href":"http:\/\/www.linsem.cl\/index.php?rest_route=%2Fwp%2Fv2%2Fmedia&parent=3895"}],"wp:term":[{"taxonomy":"category","embeddable":true,"href":"http:\/\/www.linsem.cl\/index.php?rest_route=%2Fwp%2Fv2%2Fcategories&post=3895"},{"taxonomy":"post_tag","embeddable":true,"href":"http:\/\/www.linsem.cl\/index.php?rest_route=%2Fwp%2Fv2%2Ftags&post=3895"}],"curies":[{"name":"wp","href":"https:\/\/api.w.org\/{rel}","templated":true}]}}