{"id":3900,"date":"2023-10-17T15:20:20","date_gmt":"2023-10-17T15:20:20","guid":{"rendered":"https:\/\/www.linsem.cl\/?p=3900"},"modified":"2023-12-14T15:10:08","modified_gmt":"2023-12-14T15:10:08","slug":"acto-dia-del-profesor-y-asistentes-de-la-educacion-2023","status":"publish","type":"post","link":"http:\/\/www.linsem.cl\/?p=3900","title":{"rendered":"Acto d\u00eda del profesor y asistentes de la educaci\u00f3n 2023."},"content":{"rendered":"<p style=\"text-align: justify;\">Es una conmemoraci\u00f3n que nos invita a reflexionar sobre la importancia de aquellos que se dedican a ense\u00f1ar.<br \/>\nCada 16 de octubre, en Chile, se celebra el D\u00eda del Profesor. Es una jornada especial donde se honra a los educadores y se les reconoce por su invaluable aporte en la construcci\u00f3n de una sociedad m\u00e1s informada y cr\u00edtica.<br \/>\nLa historia detr\u00e1s de esta fecha nos lleva al a\u00f1o 1974, cuando se fund\u00f3 el Colegio de Profesores de Chile. Esta fecha no fue elegida al azar, sino que conmemora la creaci\u00f3n de esta instituci\u00f3n que busca defender y representar a los docentes en el pa\u00eds. Desde entonces, el 16 de octubre se ha consolidado como el d\u00eda en que se homenajea a todos los maestros y profesoras, record\u00e1ndonos la trascendencia de su labor.<br \/>\nSe conmemora el D\u00eda del Profesor para reconocer la relevancia de su labor en la sociedad. Un profesor va m\u00e1s all\u00e1 de las aulas; es mentor, gu\u00eda y a menudo una fuente inagotable de motivaci\u00f3n. Es quien desaf\u00eda a sus estudiantes a pensar m\u00e1s all\u00e1, a cuestionar, a no conformarse con lo evidente.<br \/>\nA trav\u00e9s de su trabajo diario, sienta las bases de lo que ser\u00e1n las futuras generaciones, inculcando valores, \u00e9tica y conocimientos que trascienden el tiempo. Celebrar esta fecha es una forma de recordar y valorar su contribuci\u00f3n en el desarrollo integral de cada individuo y, por ende, de la sociedad en su conjunto.<br \/>\nEn nuestro colegio esta celebraci\u00f3n comenz\u00f3 el jueves 12 de octubre donde se presenci\u00f3 un hermoso acto para celebrar a los docentes y asistentes de esta familia mercedaria.<\/p>\n<p><a title=\"Linsem-Acto d\u00eda del profesor y asistentes de la educaci\u00f3n 2023.\" href=\"https:\/\/www.flickr.com\/photos\/liceonuestraseoradelamerced\/albums\/72177720311992356\" data-flickr-embed=\"true\" data-header=\"true\" data-footer=\"true\"><img loading=\"lazy\" src=\"https:\/\/live.staticflickr.com\/65535\/53265517918_9dd5dc7196_n.jpg\" alt=\"Linsem-Acto d\u00eda del profesor y asistentes de la educaci\u00f3n 2023.\" width=\"320\" height=\"240\"><\/a><script async=\"\" src=\"\/\/embedr.flickr.com\/assets\/client-code.js\" charset=\"utf-8\"><\/script><\/p>\n","protected":false},"excerpt":{"rendered":"<p>Es una conmemoraci\u00f3n que nos invita a reflexionar sobre la importancia de aquellos que se dedican a ense\u00f1ar. Cada 16 de octubre, en Chile, se celebra el D\u00eda del Profesor. Es una jornada especial donde se honra a los educadores y se les reconoce por su invaluable aporte en la construcci\u00f3n de una sociedad m\u00e1s<a href=\"http:\/\/www.linsem.cl\/?p=3900\">[&#8230;]<\/a><\/p>\n","protected":false},"author":2,"featured_media":2727,"comment_status":"closed","ping_status":"open","sticky":false,"template":"","format":"standard","meta":{"ngg_post_thumbnail":0},"categories":[4],"tags":[],"_links":{"self":[{"href":"http:\/\/www.linsem.cl\/index.php?rest_route=\/wp\/v2\/posts\/3900"}],"collection":[{"href":"http:\/\/www.linsem.cl\/index.php?rest_route=\/wp\/v2\/posts"}],"about":[{"href":"http:\/\/www.linsem.cl\/index.php?rest_route=\/wp\/v2\/types\/post"}],"author":[{"embeddable":true,"href":"http:\/\/www.linsem.cl\/index.php?rest_route=\/wp\/v2\/users\/2"}],"replies":[{"embeddable":true,"href":"http:\/\/www.linsem.cl\/index.php?rest_route=%2Fwp%2Fv2%2Fcomments&post=3900"}],"version-history":[{"count":3,"href":"http:\/\/www.linsem.cl\/index.php?rest_route=\/wp\/v2\/posts\/3900\/revisions"}],"predecessor-version":[{"id":3967,"href":"http:\/\/www.linsem.cl\/index.php?rest_route=\/wp\/v2\/posts\/3900\/revisions\/3967"}],"wp:featuredmedia":[{"embeddable":true,"href":"http:\/\/www.linsem.cl\/index.php?rest_route=\/wp\/v2\/media\/2727"}],"wp:attachment":[{"href":"http:\/\/www.linsem.cl\/index.php?rest_route=%2Fwp%2Fv2%2Fmedia&parent=3900"}],"wp:term":[{"taxonomy":"category","embeddable":true,"href":"http:\/\/www.linsem.cl\/index.php?rest_route=%2Fwp%2Fv2%2Fcategories&post=3900"},{"taxonomy":"post_tag","embeddable":true,"href":"http:\/\/www.linsem.cl\/index.php?rest_route=%2Fwp%2Fv2%2Ftags&post=3900"}],"curies":[{"name":"wp","href":"https:\/\/api.w.org\/{rel}","templated":true}]}}