{"id":3904,"date":"2023-10-17T15:37:56","date_gmt":"2023-10-17T15:37:56","guid":{"rendered":"https:\/\/www.linsem.cl\/?p=3904"},"modified":"2023-12-14T15:12:46","modified_gmt":"2023-12-14T15:12:46","slug":"almuerzo-dia-del-profesor-y-del-asistente-de-la-educacion-2023","status":"publish","type":"post","link":"http:\/\/www.linsem.cl\/?p=3904","title":{"rendered":"Almuerzo d\u00eda del profesor y del asistente de la educaci\u00f3n 2023."},"content":{"rendered":"<p>Para cerrar las celebraciones, nos reunimos en una \u00edntima eucarist\u00eda para pedir la bendici\u00f3n de Dios y darle gracias por esta hermosa vocaci\u00f3n.<br \/>\nLuego fuimos parte de un desayudo para seguir con todas las fuerzas esta especial jornada.<br \/>\nPara finalizar con un almuerzo en el Centro de Eventos Sol de Quill\u00f3n, ubicado en la comuna de Quill\u00f3n, en donde cantamos, jugamos y, en fin, compartimos una agradable comida de camarader\u00eda, en esta noble celebraci\u00f3n que con tantas ansias esperamos a\u00f1o a a\u00f1o para festejar nuestra vocaci\u00f3n.<\/p>\n<p><a title=\"Linsem-Almuerzo d\u00eda del profesor y del asistente de la educaci\u00f3n\" href=\"https:\/\/www.flickr.com\/photos\/liceonuestraseoradelamerced\/albums\/72177720311988462\" data-flickr-embed=\"true\" data-header=\"true\" data-footer=\"true\"><img loading=\"lazy\" src=\"https:\/\/live.staticflickr.com\/65535\/53265262476_1eaa1ff913_n.jpg\" alt=\"Linsem-Almuerzo d\u00eda del profesor y del asistente de la educaci\u00f3n\" width=\"320\" height=\"240\"><\/a><script async=\"\" src=\"\/\/embedr.flickr.com\/assets\/client-code.js\" charset=\"utf-8\"><\/script><\/p>\n","protected":false},"excerpt":{"rendered":"<p>Para cerrar las celebraciones, nos reunimos en una \u00edntima eucarist\u00eda para pedir la bendici\u00f3n de Dios y darle gracias por esta hermosa vocaci\u00f3n. Luego fuimos parte de un desayudo para seguir con todas las fuerzas esta especial jornada. Para finalizar con un almuerzo en el Centro de Eventos Sol de Quill\u00f3n, ubicado en la comuna<a href=\"http:\/\/www.linsem.cl\/?p=3904\">[&#8230;]<\/a><\/p>\n","protected":false},"author":2,"featured_media":2727,"comment_status":"closed","ping_status":"open","sticky":false,"template":"","format":"standard","meta":{"ngg_post_thumbnail":0},"categories":[4],"tags":[],"_links":{"self":[{"href":"http:\/\/www.linsem.cl\/index.php?rest_route=\/wp\/v2\/posts\/3904"}],"collection":[{"href":"http:\/\/www.linsem.cl\/index.php?rest_route=\/wp\/v2\/posts"}],"about":[{"href":"http:\/\/www.linsem.cl\/index.php?rest_route=\/wp\/v2\/types\/post"}],"author":[{"embeddable":true,"href":"http:\/\/www.linsem.cl\/index.php?rest_route=\/wp\/v2\/users\/2"}],"replies":[{"embeddable":true,"href":"http:\/\/www.linsem.cl\/index.php?rest_route=%2Fwp%2Fv2%2Fcomments&post=3904"}],"version-history":[{"count":2,"href":"http:\/\/www.linsem.cl\/index.php?rest_route=\/wp\/v2\/posts\/3904\/revisions"}],"predecessor-version":[{"id":3968,"href":"http:\/\/www.linsem.cl\/index.php?rest_route=\/wp\/v2\/posts\/3904\/revisions\/3968"}],"wp:featuredmedia":[{"embeddable":true,"href":"http:\/\/www.linsem.cl\/index.php?rest_route=\/wp\/v2\/media\/2727"}],"wp:attachment":[{"href":"http:\/\/www.linsem.cl\/index.php?rest_route=%2Fwp%2Fv2%2Fmedia&parent=3904"}],"wp:term":[{"taxonomy":"category","embeddable":true,"href":"http:\/\/www.linsem.cl\/index.php?rest_route=%2Fwp%2Fv2%2Fcategories&post=3904"},{"taxonomy":"post_tag","embeddable":true,"href":"http:\/\/www.linsem.cl\/index.php?rest_route=%2Fwp%2Fv2%2Ftags&post=3904"}],"curies":[{"name":"wp","href":"https:\/\/api.w.org\/{rel}","templated":true}]}}