{"id":3919,"date":"2023-11-30T15:02:30","date_gmt":"2023-11-30T15:02:30","guid":{"rendered":"https:\/\/www.linsem.cl\/?p=3919"},"modified":"2023-12-14T15:33:33","modified_gmt":"2023-12-14T15:33:33","slug":"promesa-jamer-y-pre-jamer-2023","status":"publish","type":"post","link":"http:\/\/www.linsem.cl\/?p=3919","title":{"rendered":"Promesa JAMER y PRE JAMER 2023."},"content":{"rendered":"<p style=\"text-align: justify;\">El largo recorrido de estos grupos juveniles en nuestra comuna es ya conocido, m\u00e1s que una forma de acercar la ni\u00f1ez y juventud a Cristo, es tambi\u00e9n una forma de ayudar a nuestra comunidad, formar l\u00edderes y educar con el ejemplo en valores cristiano mercedarios.<br \/>\nUna vez m\u00e1s lleg\u00f3 el momento en el que nuestros valientes y entusiastas j\u00f3venes renueven sus promesas antes Dios, Nuestra Madre de la Merced y nuestra comunidad educativa, promesas que los lleva a intentar ser semejantes a Cristo, ayudando al pr\u00f3jimo que sufre y animando a compa\u00f1eros, ser libres para liberar, de las cautividades modernas que nos atrapan y enceguecen.<br \/>\nJAMer y Pre JAMer, instancias para adorar a Dios a trav\u00e9s de la acci\u00f3n y la oraci\u00f3n, muchas gracias queridos estudiantes por la dedicaci\u00f3n y perseverancia en esta misi\u00f3n, hoy los saludamos y felicitamos en este paso, en esta especial decisi\u00f3n \u00a1Somos JAMer, somos huella!<\/p>\n<p><a title=\"Linsem-Promesa Jamer y Pre-Jamer 2023\" href=\"https:\/\/www.flickr.com\/photos\/liceonuestraseoradelamerced\/albums\/72177720313035887\" data-flickr-embed=\"true\" data-header=\"true\" data-footer=\"true\"><img loading=\"lazy\" src=\"https:\/\/live.staticflickr.com\/65535\/53366281466_c038fdb011_n.jpg\" alt=\"Linsem-Promesa Jamer y Pre-Jamer 2023\" width=\"320\" height=\"240\"><\/a><script async=\"\" src=\"\/\/embedr.flickr.com\/assets\/client-code.js\" charset=\"utf-8\"><\/script><\/p>\n<p>&nbsp;<\/p>\n","protected":false},"excerpt":{"rendered":"<p>El largo recorrido de estos grupos juveniles en nuestra comuna es ya conocido, m\u00e1s que una forma de acercar la ni\u00f1ez y juventud a Cristo, es tambi\u00e9n una forma de ayudar a nuestra comunidad, formar l\u00edderes y educar con el ejemplo en valores cristiano mercedarios. Una vez m\u00e1s lleg\u00f3 el momento en el que nuestros<a href=\"http:\/\/www.linsem.cl\/?p=3919\">[&#8230;]<\/a><\/p>\n","protected":false},"author":2,"featured_media":2727,"comment_status":"closed","ping_status":"open","sticky":false,"template":"","format":"standard","meta":{"ngg_post_thumbnail":0},"categories":[4],"tags":[],"_links":{"self":[{"href":"http:\/\/www.linsem.cl\/index.php?rest_route=\/wp\/v2\/posts\/3919"}],"collection":[{"href":"http:\/\/www.linsem.cl\/index.php?rest_route=\/wp\/v2\/posts"}],"about":[{"href":"http:\/\/www.linsem.cl\/index.php?rest_route=\/wp\/v2\/types\/post"}],"author":[{"embeddable":true,"href":"http:\/\/www.linsem.cl\/index.php?rest_route=\/wp\/v2\/users\/2"}],"replies":[{"embeddable":true,"href":"http:\/\/www.linsem.cl\/index.php?rest_route=%2Fwp%2Fv2%2Fcomments&post=3919"}],"version-history":[{"count":4,"href":"http:\/\/www.linsem.cl\/index.php?rest_route=\/wp\/v2\/posts\/3919\/revisions"}],"predecessor-version":[{"id":3973,"href":"http:\/\/www.linsem.cl\/index.php?rest_route=\/wp\/v2\/posts\/3919\/revisions\/3973"}],"wp:featuredmedia":[{"embeddable":true,"href":"http:\/\/www.linsem.cl\/index.php?rest_route=\/wp\/v2\/media\/2727"}],"wp:attachment":[{"href":"http:\/\/www.linsem.cl\/index.php?rest_route=%2Fwp%2Fv2%2Fmedia&parent=3919"}],"wp:term":[{"taxonomy":"category","embeddable":true,"href":"http:\/\/www.linsem.cl\/index.php?rest_route=%2Fwp%2Fv2%2Fcategories&post=3919"},{"taxonomy":"post_tag","embeddable":true,"href":"http:\/\/www.linsem.cl\/index.php?rest_route=%2Fwp%2Fv2%2Ftags&post=3919"}],"curies":[{"name":"wp","href":"https:\/\/api.w.org\/{rel}","templated":true}]}}