{"id":3923,"date":"2023-11-30T15:28:39","date_gmt":"2023-11-30T15:28:39","guid":{"rendered":"https:\/\/www.linsem.cl\/?p=3923"},"modified":"2023-12-14T15:39:12","modified_gmt":"2023-12-14T15:39:12","slug":"feria-cientifica-2023","status":"publish","type":"post","link":"http:\/\/www.linsem.cl\/?p=3923","title":{"rendered":"FERIA CIENT\u00cdFICA 2023."},"content":{"rendered":"<p style=\"text-align: justify;\">\u00a1Lleg\u00f3 el momento de la ciencia y la tecnolog\u00eda! Los estudiantes del \u00e1rea cient\u00edfica de nuestro liceo exhiben toda su creatividad, ingenio y curiosidad, al dedicar tiempo y energ\u00eda en explicarnos temas de su inter\u00e9s.<br \/>\nEste a\u00f1o la tem\u00e1tica fue nuestro planeta y los problemas que lo aquejan, por lo tanto, pudimos observar muchas aristas del cambio clim\u00e1tico y diferentes formas de abordarlo, para dar una luz de esperanza al oscuro pron\u00f3stico que nos espera si seguimos por la senda del ego\u00edsmo y la ignorancia.<br \/>\nFelicitaciones a todos quienes trabajaron arduamente para hacer posible esta gran actividad, instancias as\u00ed se agradecen y celebran.<br \/>\n\u00a1Que viva la ciencia!<\/p>\n<p><a title=\"Linsem-Feria Cient\u00edfica 2023\" href=\"https:\/\/www.flickr.com\/photos\/liceonuestraseoradelamerced\/albums\/72177720313039120\" data-flickr-embed=\"true\" data-header=\"true\" data-footer=\"true\"><img loading=\"lazy\" src=\"https:\/\/live.staticflickr.com\/65535\/53365445227_9137ef12c8_n.jpg\" alt=\"Linsem-Feria Cient\u00edfica 2023\" width=\"320\" height=\"240\"><\/a><script async=\"\" src=\"\/\/embedr.flickr.com\/assets\/client-code.js\" charset=\"utf-8\"><\/script><br \/>\n&nbsp;<\/p>\n","protected":false},"excerpt":{"rendered":"<p>\u00a1Lleg\u00f3 el momento de la ciencia y la tecnolog\u00eda! Los estudiantes del \u00e1rea cient\u00edfica de nuestro liceo exhiben toda su creatividad, ingenio y curiosidad, al dedicar tiempo y energ\u00eda en explicarnos temas de su inter\u00e9s. Este a\u00f1o la tem\u00e1tica fue nuestro planeta y los problemas que lo aquejan, por lo tanto, pudimos observar muchas aristas<a href=\"http:\/\/www.linsem.cl\/?p=3923\">[&#8230;]<\/a><\/p>\n","protected":false},"author":2,"featured_media":2727,"comment_status":"closed","ping_status":"open","sticky":false,"template":"","format":"standard","meta":{"ngg_post_thumbnail":0},"categories":[4],"tags":[],"_links":{"self":[{"href":"http:\/\/www.linsem.cl\/index.php?rest_route=\/wp\/v2\/posts\/3923"}],"collection":[{"href":"http:\/\/www.linsem.cl\/index.php?rest_route=\/wp\/v2\/posts"}],"about":[{"href":"http:\/\/www.linsem.cl\/index.php?rest_route=\/wp\/v2\/types\/post"}],"author":[{"embeddable":true,"href":"http:\/\/www.linsem.cl\/index.php?rest_route=\/wp\/v2\/users\/2"}],"replies":[{"embeddable":true,"href":"http:\/\/www.linsem.cl\/index.php?rest_route=%2Fwp%2Fv2%2Fcomments&post=3923"}],"version-history":[{"count":3,"href":"http:\/\/www.linsem.cl\/index.php?rest_route=\/wp\/v2\/posts\/3923\/revisions"}],"predecessor-version":[{"id":3974,"href":"http:\/\/www.linsem.cl\/index.php?rest_route=\/wp\/v2\/posts\/3923\/revisions\/3974"}],"wp:featuredmedia":[{"embeddable":true,"href":"http:\/\/www.linsem.cl\/index.php?rest_route=\/wp\/v2\/media\/2727"}],"wp:attachment":[{"href":"http:\/\/www.linsem.cl\/index.php?rest_route=%2Fwp%2Fv2%2Fmedia&parent=3923"}],"wp:term":[{"taxonomy":"category","embeddable":true,"href":"http:\/\/www.linsem.cl\/index.php?rest_route=%2Fwp%2Fv2%2Fcategories&post=3923"},{"taxonomy":"post_tag","embeddable":true,"href":"http:\/\/www.linsem.cl\/index.php?rest_route=%2Fwp%2Fv2%2Ftags&post=3923"}],"curies":[{"name":"wp","href":"https:\/\/api.w.org\/{rel}","templated":true}]}}