{"id":3993,"date":"2023-12-19T21:26:39","date_gmt":"2023-12-19T21:26:39","guid":{"rendered":"https:\/\/www.linsem.cl\/?p=3993"},"modified":"2023-12-19T21:26:39","modified_gmt":"2023-12-19T21:26:39","slug":"gala-artistica-2023","status":"publish","type":"post","link":"http:\/\/www.linsem.cl\/?p=3993","title":{"rendered":"Gala Art\u00edstica 2023."},"content":{"rendered":"<p style=\"text-align: justify;\">Nos hace bien el arte, esa manifestaci\u00f3n de nuestra alma, tan propia de los seres humanos, poder volar y ser quienes queramos por un momento. Desarrollar la cultura que nos separa de todos los dem\u00e1s seres de la creaci\u00f3n, vivir en plenitud los talentos con los que Dios nos bendijo.<br \/>\nCerramos el periodo de talleres extraescolares con una delicada muestra de lo que nuestros estudiantes pueden hacer, dando forma a una velada que no dej\u00f3 a nadie indiferente, una vez m\u00e1s la m\u00fasica se rob\u00f3 nuestros corazones.<\/p>\n<p><a title=\"Linsem- Gala Art\u00edstica 2023.\" href=\"https:\/\/www.flickr.com\/photos\/liceonuestraseoradelamerced\/albums\/72177720313487687\" data-flickr-embed=\"true\" data-header=\"true\" data-footer=\"true\"><img loading=\"lazy\" src=\"https:\/\/live.staticflickr.com\/65535\/53408859189_33819760f0_n.jpg\" alt=\"Linsem- Gala Art\u00edstica 2023.\" width=\"320\" height=\"240\"><\/a><script async=\"\" src=\"\/\/embedr.flickr.com\/assets\/client-code.js\" charset=\"utf-8\"><\/script><br \/>\n&nbsp;<\/p>\n","protected":false},"excerpt":{"rendered":"<p>Nos hace bien el arte, esa manifestaci\u00f3n de nuestra alma, tan propia de los seres humanos, poder volar y ser quienes queramos por un momento. Desarrollar la cultura que nos separa de todos los dem\u00e1s seres de la creaci\u00f3n, vivir en plenitud los talentos con los que Dios nos bendijo. Cerramos el periodo de talleres<a href=\"http:\/\/www.linsem.cl\/?p=3993\">[&#8230;]<\/a><\/p>\n","protected":false},"author":2,"featured_media":3515,"comment_status":"closed","ping_status":"open","sticky":false,"template":"","format":"standard","meta":{"ngg_post_thumbnail":0},"categories":[4],"tags":[],"_links":{"self":[{"href":"http:\/\/www.linsem.cl\/index.php?rest_route=\/wp\/v2\/posts\/3993"}],"collection":[{"href":"http:\/\/www.linsem.cl\/index.php?rest_route=\/wp\/v2\/posts"}],"about":[{"href":"http:\/\/www.linsem.cl\/index.php?rest_route=\/wp\/v2\/types\/post"}],"author":[{"embeddable":true,"href":"http:\/\/www.linsem.cl\/index.php?rest_route=\/wp\/v2\/users\/2"}],"replies":[{"embeddable":true,"href":"http:\/\/www.linsem.cl\/index.php?rest_route=%2Fwp%2Fv2%2Fcomments&post=3993"}],"version-history":[{"count":1,"href":"http:\/\/www.linsem.cl\/index.php?rest_route=\/wp\/v2\/posts\/3993\/revisions"}],"predecessor-version":[{"id":3994,"href":"http:\/\/www.linsem.cl\/index.php?rest_route=\/wp\/v2\/posts\/3993\/revisions\/3994"}],"wp:featuredmedia":[{"embeddable":true,"href":"http:\/\/www.linsem.cl\/index.php?rest_route=\/wp\/v2\/media\/3515"}],"wp:attachment":[{"href":"http:\/\/www.linsem.cl\/index.php?rest_route=%2Fwp%2Fv2%2Fmedia&parent=3993"}],"wp:term":[{"taxonomy":"category","embeddable":true,"href":"http:\/\/www.linsem.cl\/index.php?rest_route=%2Fwp%2Fv2%2Fcategories&post=3993"},{"taxonomy":"post_tag","embeddable":true,"href":"http:\/\/www.linsem.cl\/index.php?rest_route=%2Fwp%2Fv2%2Ftags&post=3993"}],"curies":[{"name":"wp","href":"https:\/\/api.w.org\/{rel}","templated":true}]}}