{"id":4208,"date":"2024-12-18T12:24:56","date_gmt":"2024-12-18T12:24:56","guid":{"rendered":"https:\/\/www.linsem.cl\/?p=4208"},"modified":"2024-12-18T14:24:40","modified_gmt":"2024-12-18T14:24:40","slug":"muestra-de-talleres-2024","status":"publish","type":"post","link":"http:\/\/www.linsem.cl\/?p=4208","title":{"rendered":"Muestra de Talleres 2024."},"content":{"rendered":"<p style=\"text-align: justify;\">El Liceo Bicentenario Polivalente Nuestra Se\u00f1ora de la Merced vivi\u00f3 una jornada llena de creatividad, talento y participaci\u00f3n durante la esperada Muestra de Talleres Extraescolares, un evento de dos d\u00edas que destac\u00f3 la riqueza y diversidad de actividades que forman parte de la vida estudiantil.<\/p>\n<p style=\"text-align: justify;\">La muestra, realizada en las dependencias del establecimiento, reuni\u00f3 a estudiantes, quienes tuvieron la oportunidad de conocer y disfrutar los logros alcanzados por los distintos talleres extraescolares a lo largo del a\u00f1o. El evento fue un reflejo del compromiso de nuestra comunidad educativa con el desarrollo integral de los estudiantes, promoviendo habilidades art\u00edsticas, deportivas, cient\u00edficas y culturales.<\/p>\n<p style=\"text-align: justify;\">Entre las actividades m\u00e1s destacadas, el taller de rob\u00f3tica impresion\u00f3 con sus innovadores proyectos tecnol\u00f3gicos, mientras que el taller de anatom\u00eda maravill\u00f3 con sus experimentos..<\/p>\n<p style=\"text-align: justify;\">La muestra fue m\u00e1s que un escaparate de talento; se convirti\u00f3 en un espacio de encuentro y valoraci\u00f3n del esfuerzo colectivo, donde cada taller demostr\u00f3 ser una herramienta clave para fortalecer el sentido de pertenencia y potenciar las habilidades de nuestros estudiantes.<\/p>\n<p style=\"text-align: justify;\">Como comunidad educativa, celebramos el \u00e9xito de esta jornada y renovamos nuestro compromiso de seguir ofreciendo espacios que permitan a nuestros j\u00f3venes desarrollar sus capacidades, explorar nuevas pasiones y crecer como personas integrales, siempre guiados por los valores que nos definen como instituci\u00f3n.<\/p>\n<p style=\"text-align: justify;\">Sin duda, esta Muestra de Talleres Extraescolares quedar\u00e1 como uno de los hitos m\u00e1s significativos de este a\u00f1o escolar, inspir\u00e1ndonos a continuar trabajando por el desarrollo de nuestra comunidad educativa.<\/p>\n<p><a title=\"Linsem- Muestra de Talleres 2024.\" href=\"https:\/\/www.flickr.com\/photos\/liceonuestraseoradelamerced\/albums\/72177720322500635\" data-flickr-embed=\"true\" data-header=\"true\" data-footer=\"true\"><img loading=\"lazy\" src=\"https:\/\/live.staticflickr.com\/65535\/54197791373_ba44934521_z.jpg\" alt=\"Linsem- Muestra de Talleres 2024.\" width=\"640\" height=\"480\"><\/a><script async=\"\" src=\"\/\/embedr.flickr.com\/assets\/client-code.js\" charset=\"utf-8\"><\/script><\/p>\n","protected":false},"excerpt":{"rendered":"<p>El Liceo Bicentenario Polivalente Nuestra Se\u00f1ora de la Merced vivi\u00f3 una jornada llena de creatividad, talento y participaci\u00f3n durante la esperada Muestra de Talleres Extraescolares, un evento de dos d\u00edas que destac\u00f3 la riqueza y diversidad de actividades que forman parte de la vida estudiantil. La muestra, realizada en las dependencias del establecimiento, reuni\u00f3 a<a href=\"http:\/\/www.linsem.cl\/?p=4208\">[&#8230;]<\/a><\/p>\n","protected":false},"author":2,"featured_media":4181,"comment_status":"closed","ping_status":"open","sticky":false,"template":"","format":"standard","meta":{"ngg_post_thumbnail":0},"categories":[4],"tags":[],"_links":{"self":[{"href":"http:\/\/www.linsem.cl\/index.php?rest_route=\/wp\/v2\/posts\/4208"}],"collection":[{"href":"http:\/\/www.linsem.cl\/index.php?rest_route=\/wp\/v2\/posts"}],"about":[{"href":"http:\/\/www.linsem.cl\/index.php?rest_route=\/wp\/v2\/types\/post"}],"author":[{"embeddable":true,"href":"http:\/\/www.linsem.cl\/index.php?rest_route=\/wp\/v2\/users\/2"}],"replies":[{"embeddable":true,"href":"http:\/\/www.linsem.cl\/index.php?rest_route=%2Fwp%2Fv2%2Fcomments&post=4208"}],"version-history":[{"count":1,"href":"http:\/\/www.linsem.cl\/index.php?rest_route=\/wp\/v2\/posts\/4208\/revisions"}],"predecessor-version":[{"id":4209,"href":"http:\/\/www.linsem.cl\/index.php?rest_route=\/wp\/v2\/posts\/4208\/revisions\/4209"}],"wp:featuredmedia":[{"embeddable":true,"href":"http:\/\/www.linsem.cl\/index.php?rest_route=\/wp\/v2\/media\/4181"}],"wp:attachment":[{"href":"http:\/\/www.linsem.cl\/index.php?rest_route=%2Fwp%2Fv2%2Fmedia&parent=4208"}],"wp:term":[{"taxonomy":"category","embeddable":true,"href":"http:\/\/www.linsem.cl\/index.php?rest_route=%2Fwp%2Fv2%2Fcategories&post=4208"},{"taxonomy":"post_tag","embeddable":true,"href":"http:\/\/www.linsem.cl\/index.php?rest_route=%2Fwp%2Fv2%2Ftags&post=4208"}],"curies":[{"name":"wp","href":"https:\/\/api.w.org\/{rel}","templated":true}]}}